{"id":11721,"date":"2025-08-23T10:23:06","date_gmt":"2025-08-23T10:23:06","guid":{"rendered":"https:\/\/www.europesays.com\/se\/11721\/"},"modified":"2025-08-23T10:23:06","modified_gmt":"2025-08-23T10:23:06","slug":"melinda-jacobs-avgar-egna-orden-om-sprickan","status":"publish","type":"post","link":"https:\/\/www.europesays.com\/se\/11721\/","title":{"rendered":"Melinda Jacobs avg\u00e5r \u2013 egna orden om sprickan"},"content":{"rendered":"<p>Publicerad 23 aug 2025 kl 11.42<\/p>\n<p>Efter en spricka i Lilla hj\u00e4rtat v\u00e4nf\u00f6rening har Melinda Jacobs nu avg\u00e5tt som ordf\u00f6rande.\u00a0<\/p>\n<p>Men det var inte utan krav.\u00a0<\/p>\n<p>\u2013 Vi beh\u00f6ver byta namn, s\u00e4ger vice ordf\u00f6rande Johanna St\u00e5lhandske.<\/p>\n<p>\u201dAllt jag g\u00f6r, och alltid har gjort, handlar om barnens b\u00e4sta\u201d, skriver Jacobs i en kommentar till Expressen.<\/p>\n<p><img   alt=\"\"\/><\/p>\n<p>Melinda Jacobs avg\u00e5r som ordf\u00f6rande \u2013 efter flera turer med Lilla hj\u00e4rtat v\u00e4nf\u00f6rening.<\/p>\n<p>Foto: SVEN LINDWALL<\/p>\n<p>\u00d6ppna bild i helsk\u00e4rm<\/p>\n<p>Lilla hj\u00e4rtat v\u00e4nf\u00f6rening verkar ideellt f\u00f6r att st\u00f6tta familjehemsplacerade barn.\u00a0<\/p>\n<p>Melinda Jacobs, 41, har varit ordf\u00f6rande och ansiktet ut\u00e5t f\u00f6r f\u00f6reningen sedan starten men har nu till sist avg\u00e5tt. Det efter <a href=\"https:\/\/www.expressen.se\/noje\/melinda-jacobs-vill-sparka-styrelsen-i-lilla-hjartat-vanforening-efter-kritiken-\/\" rel=\"nofollow noopener\" target=\"_blank\">flera turer<\/a> som Expressen tidigare <a href=\"https:\/\/www.expressen.se\/nyheter\/lilla-hjartats-vanforening-jacobs-har-inte-alls-avgatt\/\" rel=\"nofollow noopener\" target=\"_blank\">rapporterat om<\/a>.\u00a0<\/p>\n<p>Tvisten grundar sig i en kritik fr\u00e5n styrelsen om Jacobs anv\u00e4ndande av namnet Lilla hj\u00e4rtat i marknadsf\u00f6ring f\u00f6r sin h\u00e5rproduktserie.<\/p>\n<p>Enligt styrelsen blev de efter kritiken ombedda att avg\u00e5 via Jacobs advokat.\u00a0<\/p>\n<p>Nu \u00e4r det allts\u00e5 i st\u00e4llet <a href=\"https:\/\/www.expressen.se\/tagg\/person\/melinda-jacobs\/\" class=\"\" rel=\"nofollow noopener\" target=\"_blank\">Melinda Jacobs<\/a> som avg\u00e5r som ordf\u00f6rande \u2013 med villkoret att f\u00f6reningen ska heta n\u00e5got annat i forts\u00e4ttningen, uppger styrelsen.<\/p>\n<p>\u2013 Det \u00e4r medlemmarna som beslutar om namnbyte vid en \u00e5rsst\u00e4mma, men vi f\u00f6rbinder oss till att verka f\u00f6r det, s\u00e4ger Johanna St\u00e5lhandske.\u00a0<\/p>\n<p>Lilla hj\u00e4rtat \u00e4r smeknamnet p\u00e5 Esmeralda, den tre\u00e5riga flicka som v\u00e4xte upp hos Melinda Jacobs som familjehemsplacerad och dog i sina biologiska f\u00f6r\u00e4ldrars v\u00e5rd. Hennes biologiska mamma d\u00f6mdes f\u00f6r dr\u00e5p.\u00a0<\/p>\n<p>Svaret: \u201dVill inte fastna i detaljer\u201d<\/p>\n<p>Jacobs sj\u00e4lv menar att hennes arbete alltid handlat om \u201dbarnens b\u00e4sta\u201d, skriver hon i en kommentar till Expressen. Fram\u00e5t \u00f6nskar hon att alla krafter ska riktas mot just detta.\u00a0<\/p>\n<p>\u201dJag vill inte fastna i detaljer eller diskussioner om namn eller enskilda beslut, f\u00f6r d\u00e5 riskerar vi att tappa bort det som \u00e4r viktigast: att ge barnen det st\u00f6d och den trygghet de beh\u00f6ver\u201d, skriver Jacobs vidare.\u00a0<\/p>\n<p>\u201dLilla hj\u00e4rtat har blivit en symbol\u201d<\/p>\n<p>I somras ans\u00f6kte Melinda Jacobs om att varum\u00e4rkesskydda Lilla hj\u00e4rtat f\u00f6r att anv\u00e4nda det i kommersiellt syfte i sitt eget bolag \u2013 f\u00f6r att bland annat s\u00e4lja sk\u00f6nhetsprodukter, smycken och barnkl\u00e4der.<\/p>\n<p><a href=\"https:\/\/www.expressen.se\/nyheter\/sverige\/lilla-hjartats-syskon-om-melinda-jacobs-granslos-exploatering\/\" rel=\"nofollow noopener\" target=\"_blank\">Jacobs advokat Monica Crusner skrev d\u00e5 till Expressen <\/a>att ans\u00f6kan gjordes f\u00f6r att \u201df\u00f6rhindra att smeknamnet skulle nyttjas av personer som aldrig haft en personlig relation till Esmeralda\u201d.<\/p>\n<p>\u2013 Utifr\u00e5n hur namnet anv\u00e4nts i kommersiella sammanhang och med tanke p\u00e5 ans\u00f6kan till Patentverket s\u00e5 kan det vara bra f\u00f6r oss att byta namn och g\u00f6ra oss fria fr\u00e5n den kopplingen, s\u00e4ger vice ordf\u00f6rande Johanna St\u00e5lhandske.\u00a0<\/p>\n<p>Bestrider ans\u00f6kan<\/p>\n<p>Men det finns ocks\u00e5 nackdelar med det krav som Melinda Jacobs st\u00e4llt p\u00e5 sin avg\u00e5ng, som St\u00e5lhandske ser det.<\/p>\n<p>\u2013 Det \u00e4r mycket jobb som ligger bakom ett namnbyte och att etablera ett nytt namn \u00e4r inte heller l\u00e4tt.\u00a0<\/p>\n<p>F\u00f6reningen ska ta ett n\u00e4sta steg efter att ordf\u00f6randefr\u00e5gan har l\u00f6st sig: att formellt bestrida Jacobs ans\u00f6kan om varum\u00e4rkesskydd av Lilla hj\u00e4rtat.\u00a0<\/p>\n<p>\u2013 Vi vill inte att Lilla hj\u00e4rtat ska anv\u00e4ndas i kommersiella sammanhang utan ska vara \u00f6ppet f\u00f6r de som vill verka f\u00f6r barns r\u00e4tt. Lilla hj\u00e4rtat har blivit en symbol f\u00f6r barn i samh\u00e4llsv\u00e5rd, vi tycker det \u00e4r fel att inte kunna anv\u00e4nda det f\u00f6r det syftet, att samla in pengar till de barnen, s\u00e4ger Johanna St\u00e5lhandske.<\/p>\n","protected":false},"excerpt":{"rendered":"Publicerad 23 aug 2025 kl 11.42 Efter en spricka i Lilla hj\u00e4rtat v\u00e4nf\u00f6rening har Melinda Jacobs nu avg\u00e5tt&hellip;\n","protected":false},"author":2,"featured_media":11722,"comment_status":"","ping_status":"","sticky":false,"template":"","format":"standard","meta":{"footnotes":""},"categories":[14],"tags":[22,23,26,27,17,21,24,25,28,29,15,16,356,18,34,31,33,32,30,19,20,51,52,53,54],"class_list":{"0":"post-11721","1":"post","2":"type-post","3":"status-publish","4":"format-standard","5":"has-post-thumbnail","7":"category-varlden","8":"tag-breaking-news","9":"tag-breakingnews","10":"tag-featured-news","11":"tag-featurednews","12":"tag-headlines","13":"tag-huvudnyheter","14":"tag-latest-news","15":"tag-latestnews","16":"tag-main-news","17":"tag-mainnews","18":"tag-news","19":"tag-nyheter","20":"tag-person-melinda-jacobs","21":"tag-rubriker","22":"tag-se","23":"tag-svenska","24":"tag-sverige","25":"tag-sweden","26":"tag-swedish","27":"tag-top-stories","28":"tag-topstories","29":"tag-varlden","30":"tag-world","31":"tag-world-news","32":"tag-worldnews"},"share_on_mastodon":{"url":"","error":""},"_links":{"self":[{"href":"https:\/\/www.europesays.com\/se\/wp-json\/wp\/v2\/posts\/11721","targetHints":{"allow":["GET"]}}],"collection":[{"href":"https:\/\/www.europesays.com\/se\/wp-json\/wp\/v2\/posts"}],"about":[{"href":"https:\/\/www.europesays.com\/se\/wp-json\/wp\/v2\/types\/post"}],"author":[{"embeddable":true,"href":"https:\/\/www.europesays.com\/se\/wp-json\/wp\/v2\/users\/2"}],"replies":[{"embeddable":true,"href":"https:\/\/www.europesays.com\/se\/wp-json\/wp\/v2\/comments?post=11721"}],"version-history":[{"count":0,"href":"https:\/\/www.europesays.com\/se\/wp-json\/wp\/v2\/posts\/11721\/revisions"}],"wp:featuredmedia":[{"embeddable":true,"href":"https:\/\/www.europesays.com\/se\/wp-json\/wp\/v2\/media\/11722"}],"wp:attachment":[{"href":"https:\/\/www.europesays.com\/se\/wp-json\/wp\/v2\/media?parent=11721"}],"wp:term":[{"taxonomy":"category","embeddable":true,"href":"https:\/\/www.europesays.com\/se\/wp-json\/wp\/v2\/categories?post=11721"},{"taxonomy":"post_tag","embeddable":true,"href":"https:\/\/www.europesays.com\/se\/wp-json\/wp\/v2\/tags?post=11721"}],"curies":[{"name":"wp","href":"https:\/\/api.w.org\/{rel}","templated":true}]}}