{"id":117211,"date":"2025-12-26T07:36:09","date_gmt":"2025-12-26T07:36:09","guid":{"rendered":"https:\/\/www.europesays.com\/se\/117211\/"},"modified":"2025-12-26T07:36:09","modified_gmt":"2025-12-26T07:36:09","slug":"zelenskyj-ska-traffa-trump-mycket-kan-hinna-beslutas","status":"publish","type":"post","link":"https:\/\/www.europesays.com\/se\/117211\/","title":{"rendered":"Zelenskyj ska tr\u00e4ffa Trump: \u201dMycket kan hinna beslutas\u201d"},"content":{"rendered":"<p>Ukrainas president Volodymyr Zelenskyj ska tr\u00e4ffa USA:s president Donald Trump inom en \u201dsnar framtid\u201d. Det skriver han i ett inl\u00e4gg p\u00e5 X. <\/p>\n<p>\u201dMycket kan hinna beslutas innan ny\u00e5r\u201d, st\u00e5r det i inl\u00e4gget. <\/p>\n<p>De senaste dagarna har Ryssland tagit emot ett f\u00f6rslag p\u00e5 ett fredsavtal p\u00e5 20 punkter, som bland annat skulle inneb\u00e4ra att frontlinjen fryses, att en demilitariserad zon uppr\u00e4ttas och att Ukraina p\u00e5 sikt f\u00e5r ett medlemskap i EU. <\/p>\n<p>Det h\u00e4r \u00e4r en sammanfattning av hur Volodymyr Zelenskyj beskrivit vad som nu ligger p\u00e5 bordet, enligt AFP: <\/p>\n<p>1. Ukrainas suver\u00e4nitet ska bekr\u00e4ftas.<\/p>\n<p>2. Detta dokument utg\u00f6r ett fullst\u00e4ndigt och ovillkorligt icke-aggressionsavtal mellan Ryssland och Ukraina. F\u00f6r att st\u00f6dja l\u00e5ngsiktig fred kommer en \u00f6vervakningsmekanism att inr\u00e4ttas f\u00f6r att \u00f6vervaka kontaktlinjen genom rymdbaserad obemannad \u00f6vervakning.<\/p>\n<p>3. Ukraina ska f\u00e5 starka s\u00e4kerhetsgarantier. <\/p>\n<p>4. Ukrainas v\u00e4pnade styrkor kommer att best\u00e5 av 800 000 man i fredstid.<\/p>\n<p>5. USA, Nato och de europeiska allierade kommer att ge Ukraina s\u00e4kerhetsgarantier som speglar artikel 5.<\/p>\n<p>a. Om Ryssland invaderar Ukraina, ut\u00f6ver en samordnad milit\u00e4r respons, kommer alla globala sanktioner mot Ryssland att \u00e5terinf\u00f6ras. <\/p>\n<p>b. Om Ukraina invaderar Ryssland eller \u00f6ppnar eld mot ryskt territorium utan provokation, kommer s\u00e4kerhetsgarantierna att anses ogiltiga. Om Ryssland \u00f6ppnar eld mot Ukraina tr\u00e4der s\u00e4kerhetsgarantierna i kraft. <\/p>\n<p>c. Bilaterala s\u00e4kerhetsgarantier \u00e4r inte undantagna enligt detta avtal.<\/p>\n<p>6. Ryssland kommer att formalisera en icke-aggressionspolitik gentemot Europa och Ukraina i alla n\u00f6dv\u00e4ndiga lagar och alla erforderliga dokument i ratificeringsdokumenten.<\/p>\n<p>7. Ukraina kommer att bli medlem i Europeiska unionen inom en s\u00e4rskilt definierad tidsperiod, och Ukraina kommer att f\u00e5 kortsiktigt privilegierat tilltr\u00e4de till den europeiska marknaden.<\/p>\n<p>8. Ett starkt globalt utvecklingspaket f\u00f6r Ukraina, som ska definieras i ett separat avtal om investeringar och framtida v\u00e4lst\u00e5nd. Detta kommer att omfatta ett brett spektrum av ekonomiska omr\u00e5den. Bland annat innefattar det en utvecklingsfond och infrastrukturutveckling. <\/p>\n<p>9. Flera fonder ska uppr\u00e4ttas f\u00f6r att rekonstruera Ukraina och hj\u00e4lpa den ukrainska ekonomins \u00e5terh\u00e4mtning. <\/p>\n<p>10. Ukraina kommer p\u00e5skynda processen f\u00f6r ett frihandelsavtal med USA. <\/p>\n<p>11. Ukraina bekr\u00e4ftar att det kommer att f\u00f6rbli en k\u00e4rnvapenfri stat.<\/p>\n<p>12. K\u00e4rnkraftverket i Zaporizjzja kommer att drivas gemensamt av tre l\u00e4nder: Ukraina, USA och Ryssland.<\/p>\n<p>13. B\u00e5da l\u00e4nderna \u00e5tar sig att genomf\u00f6ra utbildningsprogram i skolor och i hela samh\u00e4llet som fr\u00e4mjar f\u00f6rst\u00e5else och tolerans gentemot olika kulturer och som eliminerar rasism och f\u00f6rdomar.<\/p>\n<p>14. I regionerna Donetsk, Luhansk, Zaporizjzja och Kherson erk\u00e4nns de facto linjen f\u00f6r trupputplacering fr\u00e5n och med dagen f\u00f6r detta avtal som kontaktlinje.<\/p>\n<p>15. Efter att ha n\u00e5tt en \u00f6verenskommelse om framtida territoriella arrangemang f\u00f6rbinder sig b\u00e5de Ryssland och Ukraina att inte \u00e4ndra dessa avtal med v\u00e5ld.<\/p>\n<p>16. Ryssland kommer inte att hindra Ukraina fr\u00e5n att anv\u00e4nda Dniprofloden och Svarta havet f\u00f6r kommersiella \u00e4ndam\u00e5l.<\/p>\n<p>17. En humanit\u00e4r kommitt\u00e9 kommer att inr\u00e4ttas f\u00f6r att l\u00f6sa utest\u00e5ende fr\u00e5gor.<\/p>\n<p>18. Ukraina m\u00e5ste h\u00e5lla val s\u00e5 snart som m\u00f6jligt efter att avtalet har undertecknats.<\/p>\n<p>19. Detta avtal \u00e4r juridiskt bindande. Dess genomf\u00f6rande kommer att \u00f6vervakas och garanteras av ett fredsr\u00e5d under ledning av president Trump. Ukraina, Europa, Nato, Ryssland och USA kommer att ing\u00e5 i denna mekanism. Sanktioner kommer att till\u00e4mpas vid brott.<\/p>\n<p>20. N\u00e4r alla parter \u00e4r \u00f6verens om detta avtal tr\u00e4der en fullst\u00e4ndig vapenvila i kraft omedelbart.<\/p>\n<p>Omni \u00e4r politiskt obundna och oberoende. Vi str\u00e4var efter att ge fler perspektiv p\u00e5 nyheterna. Har du fr\u00e5gor eller synpunkter kring v\u00e5r rapportering? <a href=\"https:\/\/omni.se\/zelenskyj-ska-traffa-trump-inom-snar-framtid\/a\/mailto:redaktion@omni.se\" class=\"ArticleActions_contactLink__W2F1M\" rel=\"nofollow noopener\" target=\"_blank\">Kontakta redaktionen<\/a><\/p>\n","protected":false},"excerpt":{"rendered":"Ukrainas president Volodymyr Zelenskyj ska tr\u00e4ffa USA:s president Donald Trump inom en \u201dsnar framtid\u201d. Det skriver han i&hellip;\n","protected":false},"author":2,"featured_media":117212,"comment_status":"","ping_status":"","sticky":false,"template":"","format":"standard","meta":{"footnotes":""},"categories":[5],"tags":[22,23,267,26,27,17,21,24,25,28,29,15,16,18,269,264,34,31,33,32,30,19,20,263,262],"class_list":{"0":"post-117211","1":"post","2":"type-post","3":"status-publish","4":"format-standard","5":"has-post-thumbnail","7":"category-rubriker","8":"tag-breaking-news","9":"tag-breakingnews","10":"tag-europa","11":"tag-featured-news","12":"tag-featurednews","13":"tag-headlines","14":"tag-huvudnyheter","15":"tag-latest-news","16":"tag-latestnews","17":"tag-main-news","18":"tag-mainnews","19":"tag-news","20":"tag-nyheter","21":"tag-rubriker","22":"tag-ryska-invasionen","23":"tag-ryssland","24":"tag-se","25":"tag-svenska","26":"tag-sverige","27":"tag-sweden","28":"tag-swedish","29":"tag-top-stories","30":"tag-topstories","31":"tag-ukraina","32":"tag-volodymyr-zelenskyj"},"share_on_mastodon":{"url":"https:\/\/pubeurope.com\/@se\/115784724224975573","error":""},"_links":{"self":[{"href":"https:\/\/www.europesays.com\/se\/wp-json\/wp\/v2\/posts\/117211","targetHints":{"allow":["GET"]}}],"collection":[{"href":"https:\/\/www.europesays.com\/se\/wp-json\/wp\/v2\/posts"}],"about":[{"href":"https:\/\/www.europesays.com\/se\/wp-json\/wp\/v2\/types\/post"}],"author":[{"embeddable":true,"href":"https:\/\/www.europesays.com\/se\/wp-json\/wp\/v2\/users\/2"}],"replies":[{"embeddable":true,"href":"https:\/\/www.europesays.com\/se\/wp-json\/wp\/v2\/comments?post=117211"}],"version-history":[{"count":0,"href":"https:\/\/www.europesays.com\/se\/wp-json\/wp\/v2\/posts\/117211\/revisions"}],"wp:featuredmedia":[{"embeddable":true,"href":"https:\/\/www.europesays.com\/se\/wp-json\/wp\/v2\/media\/117212"}],"wp:attachment":[{"href":"https:\/\/www.europesays.com\/se\/wp-json\/wp\/v2\/media?parent=117211"}],"wp:term":[{"taxonomy":"category","embeddable":true,"href":"https:\/\/www.europesays.com\/se\/wp-json\/wp\/v2\/categories?post=117211"},{"taxonomy":"post_tag","embeddable":true,"href":"https:\/\/www.europesays.com\/se\/wp-json\/wp\/v2\/tags?post=117211"}],"curies":[{"name":"wp","href":"https:\/\/api.w.org\/{rel}","templated":true}]}}