{"id":117235,"date":"2025-12-26T08:12:35","date_gmt":"2025-12-26T08:12:35","guid":{"rendered":"https:\/\/www.europesays.com\/se\/117235\/"},"modified":"2025-12-26T08:12:35","modified_gmt":"2025-12-26T08:12:35","slug":"recension-jag-for-ner-till-bror-ar-som-ett-oppet-sar-och-anda-ar-det-omojligt-att-sluta-titta-kultur","status":"publish","type":"post","link":"https:\/\/www.europesays.com\/se\/117235\/","title":{"rendered":"Recension: Jag for ner till bror \u00e4r som ett \u00f6ppet s\u00e5r och \u00e4nd\u00e5 \u00e4r det om\u00f6jligt att sluta titta | Kultur"},"content":{"rendered":"<p class=\"aw-1gybjub aw-5vja16 kEtdKx kmuxyA yle__article__paragraph\">Utg\u00e5ende fr\u00e5n Karin Smirnoffs succ\u00e9roman har Sanna Lenken regisserat fram en njutbar miniserie. Jag for ner till bror kan nu ses p\u00e5 Arenan.<\/p>\n<p><img decoding=\"async\" alt=\"En man med intensiv blick h\u00e5ller om en kvinna med skr\u00e4md blick st\u00e5ende p\u00e5 en sn\u00f6ig v\u00e4g.\" src=\"https:\/\/www.europesays.com\/se\/wp-content\/uploads\/2025\/12\/39-157057669412d4ca0634.jpeg\" class=\"aw-1l9m598 hKVVvP\"\/><\/p>\n<p>\u00d6ppna bildvisare<\/p>\n<p>Amanda Jansson och Jakob \u00d6hrman spelar tv\u00e5 av de tre huvudrollerna i dramatiseringen av Karin Smirnoffs succ\u00e9debut Jag for ner till bror. Bild: Saga Berlin<img decoding=\"async\" alt=\"Silja Sahlgren-Fodstad poserar i bl\u00e5 kavaj.\" src=\"https:\/\/www.europesays.com\/se\/wp-content\/uploads\/2025\/08\/39-13621916708fdb411a81.jpeg\" class=\"aw-1l9m598 hKVVvP\"\/>Lyssna (du h\u00f6r en artificiell r\u00f6st) 5:09<\/p>\n<p class=\"aw-1gybjub aw-1p7kakr kEtdKx cEmitX yle__article__paragraph\">Jag m\u00e5ste b\u00f6rja med att medge att jag n\u00e4rmat mig dramatiseringen av <strong class=\"aw-ak79eh KyCXm yle__article__strong\">Karin Smirnoffs<\/strong> debutroman Jag for ner till bror (2018) i omv\u00e4nd ordning.<\/p>\n<p class=\"aw-1gybjub aw-1p7kakr kEtdKx cEmitX yle__article__paragraph\">F\u00f6rst s\u00e5g jag SVT-dokument\u00e4ren En film om Karin Smirnoff &#8211; trots allt (2025), sedan tittade jag p\u00e5 den fyradelade serien och f\u00f6rst d\u00e4refter har jag tagit mig an boken.<\/p>\n<p class=\"aw-1gybjub aw-1p7kakr kEtdKx cEmitX yle__article__paragraph\">Men det spelar kanske ingen roll vilken t\u00e5gordningen har varit, po\u00e4ngen \u00e4r att jag blivit helt golvad av Smirnoffs ber\u00e4ttelse om Jana Kippo och hennes bror Bror.<\/p>\n<p class=\"aw-1gybjub aw-1p7kakr kEtdKx cEmitX yle__article__paragraph\">Eller r\u00e4ttare sagt: <strong class=\"aw-ak79eh KyCXm yle__article__strong\">Amanda Jansson<\/strong> har slagit luften ur mig, med sin tolkning av en kvinna som \u00e5terv\u00e4nder till barndomens hemtrakter i V\u00e4sterbotten bara f\u00f6r att inse att ingenting f\u00f6r\u00e4ndrats till det b\u00e4ttre.<\/p>\n<p class=\"aw-1gybjub aw-1p7kakr kEtdKx cEmitX yle__article__paragraph\">M\u00e4nnen har fortsatt att dricka och ta till v\u00e5ld medan kvinnorna fortsatt att tiga och lida.<\/p>\n<p><img decoding=\"async\" alt=\"N\u00e4rbild p\u00e5 en kvinna som tittar ut genom ett bilf\u00f6nster.\" src=\"https:\/\/www.europesays.com\/se\/wp-content\/uploads\/2025\/12\/39-157058369412f84740a4.jpeg\" loading=\"lazy\" class=\"aw-1l9m598 hKVVvP\"\/><\/p>\n<p>\u00d6ppna bildvisare<\/p>\n<p>Jana Kippo (Amanda Jansson) tvingas inse att det \u00e4r sm\u00e4rtsamt att \u00e5terv\u00e4nda till barndomens trakter. Bild: Saga Berlin<\/p>\n<p class=\"aw-1gybjub aw-1p7kakr kEtdKx cEmitX yle__article__paragraph\">Fr\u00e5gan \u00e4r hur det \u00e4r m\u00f6jligt att en story som \u00e4r s\u00e5 dyster att den f\u00e5r nordic noir-stuket att framst\u00e5 som l\u00e4ttsamt \u00e4nd\u00e5 vibrerar av liv p\u00e5 ett s\u00e4tt som g\u00f6r det om\u00f6jligt att sluta titta.<\/p>\n<p class=\"aw-1gybjub aw-1p7kakr kEtdKx cEmitX yle__article__paragraph\">Det hela \u00e4r sorgligt sm\u00e4rtsamt, men samtidigt str\u00e5lande sinnligt. En serie som n\u00e4stan blir en fysisk upplevelse.<\/p>\n<p>Kyligt b\u00e5de inne och ute<\/p>\n<p class=\"aw-1gybjub aw-1p7kakr kEtdKx cEmitX yle__article__paragraph\">Det r\u00e5der full vinterstorm n\u00e4r Jana Kippo (Jansson) stiger av bussen f\u00f6r att g\u00e5 den sista biten till sitt barndomshem.<\/p>\n<p class=\"aw-1gybjub aw-1p7kakr kEtdKx cEmitX yle__article__paragraph\">Kylan \u00e4ter sig in i tittaren i samma takt som huvudpersonen hukande f\u00f6rs\u00f6ker se var hon s\u00e4tter f\u00f6tterna. Just n\u00e4r det b\u00f6rjar se riktigt hoppl\u00f6st ut stannar en bil vars rufsigt sk\u00e4ggiga chauff\u00f6r (<strong class=\"aw-ak79eh KyCXm yle__article__strong\">Jakob \u00d6hrman<\/strong>) erbjuder henne lift.<\/p>\n<p class=\"aw-1gybjub aw-1p7kakr kEtdKx cEmitX yle__article__paragraph\">N\u00e4r hon v\u00e4l stiger \u00f6ver tr\u00f6skeln till hemmet m\u00f6ts hon av full mis\u00e4r. Brorsan (<strong class=\"aw-ak79eh KyCXm yle__article__strong\">Rasmus Johansson<\/strong>) \u00e4r redl\u00f6s, hunden hungrig, h\u00f6nsg\u00e5rden \u00f6vergiven och alla synliga ytor skitiga.<\/p>\n<p><img decoding=\"async\" alt=\"En kvinna i ylletr\u00f6ja sitter p\u00e5 badkarskanten och duschar en sk\u00e4ggig man.\" src=\"https:\/\/www.europesays.com\/se\/wp-content\/uploads\/2025\/12\/39-157058069412ed5e549c.jpeg\" loading=\"lazy\" class=\"aw-1l9m598 hKVVvP\"\/><\/p>\n<p>\u00d6ppna bildvisare<\/p>\n<p>Jana (Amanda Jansson) och brorsan Bror (Rasmus Johansson) har alltid tytt sig till varandra. Bild: Saga Berlin<\/p>\n<p class=\"aw-1gybjub aw-1p7kakr kEtdKx cEmitX yle__article__paragraph\">Nu g\u00e4ller det att dra p\u00e5 sig diskhandskarna, s\u00f6ka jobb hos hemtj\u00e4nsten och ducka f\u00f6r alla obehagliga minnesbilder som g\u00f6r sig p\u00e5minda.<\/p>\n<p class=\"aw-1gybjub aw-1p7kakr kEtdKx cEmitX yle__article__paragraph\">Hur var det egentligen med faderns (<strong class=\"aw-ak79eh KyCXm yle__article__strong\">Martin Pareto<\/strong>) d\u00f6d? Varf\u00f6r minns hon inte varf\u00f6r hon sprang genom skogen den d\u00e4r g\u00e5ngen och vilken roll spelar \u00f6dehuset med de f\u00f6rspikade f\u00f6nstren?<\/p>\n<p>En trio som tr\u00e4nger genom rutan<\/p>\n<p class=\"aw-1gybjub aw-1p7kakr kEtdKx cEmitX yle__article__paragraph\">Det st\u00e5r fr\u00e5n f\u00f6rsta stund klart att Amanda Jansson tar sig an Jana Kippo med samma intensitet som hon spelade polisen Sara i <a class=\"aw-iao6s4 iHOxEa yle__article__link\" href=\"https:\/\/yle.fi\/a\/7-10064541\" role=\"link\" rel=\"nofollow noopener\" target=\"_blank\">Den tunna bl\u00e5 linjen<\/a> (2021-2023) och titelrollen i <a class=\"aw-iao6s4 iHOxEa yle__article__link\" href=\"https:\/\/yle.fi\/a\/7-10049251\" role=\"link\" rel=\"nofollow noopener\" target=\"_blank\">Stormsk\u00e4rs Maja<\/a> (2024).<\/p>\n<p class=\"aw-1gybjub aw-1p7kakr kEtdKx cEmitX yle__article__paragraph\">I viss m\u00e5n kan man n\u00e4stan tycka att hennes Jana \u00e4r en logisk forts\u00e4ttning p\u00e5 dessa rollkarakt\u00e4rer \u2013 och \u00e4nd\u00e5 st\u00e5r hon f\u00f6r n\u00e5got nytt.<\/p>\n<p><img decoding=\"async\" alt=\"En kvinna i vita vinterkl\u00e4der riktar ett gev\u00e4r upp mot himlen.\" src=\"https:\/\/www.europesays.com\/se\/wp-content\/uploads\/2025\/12\/39-157058169412ee700232.jpeg\" loading=\"lazy\" class=\"aw-1l9m598 hKVVvP\"\/><\/p>\n<p>\u00d6ppna bildvisare<\/p>\n<p>Sikta mot stj\u00e4rnorna. Som sk\u00e5despelare g\u00e5r Amanda Jansson fr\u00e5n klarhet till klarhet.   Bild: Saga Berlin\/SVT<\/p>\n<p class=\"aw-1gybjub aw-1p7kakr kEtdKx cEmitX yle__article__paragraph\">Jana \u00e4r ett sargat barn som blivit en karg \u00f6verlevare. En kvinna som st\u00e5r pall f\u00f6r vilka kyliga vindar som helst, men som n\u00e4rmar sig bristningsgr\u00e4nsen s\u00e5 fort det f\u00f6rflutna g\u00f6r sig p\u00e5mint.<\/p>\n<p class=\"aw-1gybjub aw-1p7kakr kEtdKx cEmitX yle__article__paragraph\">I all sin mots\u00e4gelsefullhet \u00e4r rollkarakt\u00e4ren hur trov\u00e4rdig som helst. Och med varje replik och gest g\u00f6r Amanda Jansson henne till en m\u00e4nniska av k\u00f6tt och blod.<\/p>\n<p class=\"aw-1gybjub aw-1p7kakr kEtdKx cEmitX yle__article__paragraph\">Det h\u00e4r \u00e4r ett portr\u00e4tt som man inte kan sluta stirra p\u00e5.<\/p>\n<p class=\"aw-1gybjub aw-1p7kakr kEtdKx cEmitX yle__article__paragraph\">Kippo \u00e4r visserligen ber\u00e4ttelsens drivkraft, men det \u00e4r ofta m\u00e4nnen som driver henne till att agera.<\/p>\n<p class=\"aw-1gybjub aw-1p7kakr kEtdKx cEmitX yle__article__paragraph\">Vissa flyr hon, andra skyddar hon, en dras hon till.<\/p>\n<p><img decoding=\"async\" alt=\"En man i vinterm\u00f6ssa och h\u00e4ngselbyxor st\u00e5r i solskenet och tittar p\u00e5 en kvinna som st\u00e5r med ryggen mot kameran.\" src=\"https:\/\/www.europesays.com\/se\/wp-content\/uploads\/2025\/12\/39-157057569412d1ad2cda.jpeg\" loading=\"lazy\" class=\"aw-1l9m598 hKVVvP\"\/><\/p>\n<p>\u00d6ppna bildvisare<\/p>\n<p>Du och jag systra mi. Bror (Rasmus Johansson) \u00e4lskar sin syster, men lyckas inte f\u00e5 henne att \u00e4ndra \u00e5sikt om deras gemensamma mor.  Bild: Jonas Alarik<\/p>\n<p class=\"aw-1gybjub aw-1p7kakr kEtdKx cEmitX yle__article__paragraph\">Rasmus Johanssons tolkning av brodern Bror \u00e4r underbart \u00f6msint. En man som i brist p\u00e5 synliga utv\u00e4gar misshandlar den egna kroppen med sprit och fumliga sj\u00e4lvmordsf\u00f6rs\u00f6k.<\/p>\n<p class=\"aw-1gybjub aw-1p7kakr kEtdKx cEmitX yle__article__paragraph\">\u00c4nd\u00e5 \u00e4r det uppenbart att det grova skalet d\u00f6ljer en hygglig m\u00e4nniska som f\u00e5tt alltf\u00f6r lite utlopp f\u00f6r sin hygglighet.<\/p>\n<p class=\"aw-1gybjub aw-1p7kakr kEtdKx cEmitX yle__article__paragraph\">Jakob \u00d6hrmans pl\u00e5gade konstn\u00e4rssj\u00e4l John \u00e4r i sin tur en blandning av r\u00e5 styrka och missriktad l\u00e4ngtan. Dragningen mellan honom och Jana \u00e4r fr\u00e5n f\u00f6rsta stund s\u00e5 intensiv att man n\u00e4stan rodnar.<\/p>\n<p class=\"aw-1gybjub aw-1p7kakr kEtdKx cEmitX yle__article__paragraph\">Antagligen \u00e4r det samspelet mellan dessa duktiga sk\u00e5despelare som g\u00f6r att man n\u00e4stan gl\u00f6mmer att John som rollkarakt\u00e4r \u00e4r den mest schematiska: den m\u00f6rka, farliga fr\u00e4mlingen med intensiv blick och ett mystiskt f\u00f6rflutet.<\/p>\n<p><img decoding=\"async\" alt=\"En man i vinterkl\u00e4der lutar sig in genom ett \u00f6ppet bilf\u00f6nster.\" src=\"https:\/\/www.europesays.com\/se\/wp-content\/uploads\/2025\/12\/39-157057969412ec3eacfc.jpeg\" loading=\"lazy\" class=\"aw-1l9m598 hKVVvP\"\/><\/p>\n<p>\u00d6ppna bildvisare<\/p>\n<p>Br\u00e4nnande blickar. Samspelet mellan Amanda Jansson och Jakob \u00d6hrman \u00f6vertygar. Bild: Jonas AlarikInget nytt under solen, men skenet v\u00e4rmer<\/p>\n<p class=\"aw-1gybjub aw-1p7kakr kEtdKx cEmitX yle__article__paragraph\">Uppl\u00e4gget med den f\u00f6rlorade sonen\/dottern som \u00e5terv\u00e4nder hem \u00e4r \u00e4ldre \u00e4n Bibeln och n\u00e4stan lika sliten \u00e4r bilden av brutala bybor som omger sig med religi\u00f6sa uppmaningar i form av vackra korsstygnsbroderier.<\/p>\n<p class=\"aw-1gybjub aw-1p7kakr kEtdKx cEmitX yle__article__paragraph\">Ny \u00e4r inte heller skildringen av hur en karg milj\u00f6 formar karga m\u00e4nniskor. I litter\u00e4r form h\u00f6r <strong class=\"aw-ak79eh KyCXm yle__article__strong\">Torgny Lindgren<\/strong> och <strong class=\"aw-ak79eh KyCXm yle__article__strong\">Sara Lidman<\/strong> (vars namn flimrar f\u00f6rbi p\u00e5 en bokp\u00e4rm i ett avsnitt) till dem som gr\u00e4vt i den stelfrusna V\u00e4sterbottniska marken.<\/p>\n<p class=\"aw-1gybjub aw-1p7kakr kEtdKx cEmitX yle__article__paragraph\">I serieformat g\u00e5r mina tankar till serier som Kaikki synnit (2019-2022) och i filmsammanhang har man senast f\u00e5tt prov p\u00e5 stark syskonlojalitet i danska <a class=\"aw-iao6s4 iHOxEa yle__article__link\" href=\"https:\/\/yle.fi\/a\/7-10084069\" role=\"link\" rel=\"nofollow noopener\" target=\"_blank\">Den sista vikingen<\/a> (2025).<\/p>\n<p class=\"aw-1gybjub aw-1p7kakr kEtdKx cEmitX yle__article__paragraph\">Men det spelar ingen roll att ingredienserna \u00e4r v\u00e4lk\u00e4nda, eller att dramaturgin i slutskedet lider av ett forcerat tempo \u2013 som helhet \u00e4r Jag for ner till bror en upplevelse som ger mersmak.<\/p>\n<p class=\"aw-1gybjub aw-1p7kakr kEtdKx cEmitX yle__article__paragraph\">Och f\u00f6r en g\u00e5ngs skull st\u00e4ller jag fr\u00e5gan jag svurit p\u00e5 att aldrig yttra: n\u00e4r kommer n\u00e4sta s\u00e4song?<\/p>\n","protected":false},"excerpt":{"rendered":"Utg\u00e5ende fr\u00e5n Karin Smirnoffs succ\u00e9roman har Sanna Lenken regisserat fram en njutbar miniserie. Jag for ner till bror&hellip;\n","protected":false},"author":2,"featured_media":117236,"comment_status":"","ping_status":"","sticky":false,"template":"","format":"standard","meta":{"footnotes":""},"categories":[5],"tags":[12468,22,23,26,27,2087,17,21,12592,12593,12595,12594,194,24,25,28,29,15,16,901,18,12466,12597,34,31,33,32,30,19,20,12596,956,6018,195],"class_list":{"0":"post-117235","1":"post","2":"type-post","3":"status-publish","4":"format-standard","5":"has-post-thumbnail","7":"category-rubriker","8":"tag-amanda-jansson","9":"tag-breaking-news","10":"tag-breakingnews","11":"tag-featured-news","12":"tag-featurednews","13":"tag-filmer","14":"tag-headlines","15":"tag-huvudnyheter","16":"tag-jag-for-ner-till-bror","17":"tag-jag-for-ner-till-bror-roman","18":"tag-jakob-ohrman","19":"tag-karin-smirnoff-fodd-1964","20":"tag-kultur","21":"tag-latest-news","22":"tag-latestnews","23":"tag-main-news","24":"tag-mainnews","25":"tag-news","26":"tag-nyheter","27":"tag-recensioner","28":"tag-rubriker","29":"tag-sanna-lenken","30":"tag-sara-lidman","31":"tag-se","32":"tag-svenska","33":"tag-sverige","34":"tag-sweden","35":"tag-swedish","36":"tag-top-stories","37":"tag-topstories","38":"tag-torgny-lindgren","39":"tag-tv-serier","40":"tag-vasterbotten","41":"tag-yle-kultur"},"share_on_mastodon":{"url":"","error":"Validation failed: Text character limit of 500 exceeded"},"_links":{"self":[{"href":"https:\/\/www.europesays.com\/se\/wp-json\/wp\/v2\/posts\/117235","targetHints":{"allow":["GET"]}}],"collection":[{"href":"https:\/\/www.europesays.com\/se\/wp-json\/wp\/v2\/posts"}],"about":[{"href":"https:\/\/www.europesays.com\/se\/wp-json\/wp\/v2\/types\/post"}],"author":[{"embeddable":true,"href":"https:\/\/www.europesays.com\/se\/wp-json\/wp\/v2\/users\/2"}],"replies":[{"embeddable":true,"href":"https:\/\/www.europesays.com\/se\/wp-json\/wp\/v2\/comments?post=117235"}],"version-history":[{"count":0,"href":"https:\/\/www.europesays.com\/se\/wp-json\/wp\/v2\/posts\/117235\/revisions"}],"wp:featuredmedia":[{"embeddable":true,"href":"https:\/\/www.europesays.com\/se\/wp-json\/wp\/v2\/media\/117236"}],"wp:attachment":[{"href":"https:\/\/www.europesays.com\/se\/wp-json\/wp\/v2\/media?parent=117235"}],"wp:term":[{"taxonomy":"category","embeddable":true,"href":"https:\/\/www.europesays.com\/se\/wp-json\/wp\/v2\/categories?post=117235"},{"taxonomy":"post_tag","embeddable":true,"href":"https:\/\/www.europesays.com\/se\/wp-json\/wp\/v2\/tags?post=117235"}],"curies":[{"name":"wp","href":"https:\/\/api.w.org\/{rel}","templated":true}]}}