{"id":117245,"date":"2025-12-26T08:20:29","date_gmt":"2025-12-26T08:20:29","guid":{"rendered":"https:\/\/www.europesays.com\/se\/117245\/"},"modified":"2025-12-26T08:20:29","modified_gmt":"2025-12-26T08:20:29","slug":"har-far-storkyrkan-en-digital-tvilling-i-handelse-av-krig","status":"publish","type":"post","link":"https:\/\/www.europesays.com\/se\/117245\/","title":{"rendered":"H\u00e4r f\u00e5r Storkyrkan en \u201ddigital tvilling\u201d i h\u00e4ndelse av krig"},"content":{"rendered":"<p>Genom historien finns det flera exempel p\u00e5 hur kulturarvet skadas i krig och konflikter. Nu har L\u00e4nsstyrelsen i Stockholm identifierat ett urval av l\u00e4nets mest v\u00e4rdefulla byggnader som ska scannas av \u2013 bland annat Storkyrkan, Riddarhuset och Solna kyrka.<\/p>\n<p>\u2013 Det \u00e4r en omfattande dokumentation. Ifall det v\u00e4rsta intr\u00e4ffar och de brinner ner, d\u00e5 har vi ett bra underlag f\u00f6r att kunna g\u00f6ra en rekonstruktion, s\u00e4ger Maria Legars p\u00e5 l\u00e4nsstyrelsen. <\/p>\n<p>\u00c5terskapa byggnader<\/p>\n<p>Totalt r\u00f6r det sig om tio byggnader d\u00e4r gamla ritningar kompletteras med fotografier och 3D-scanning. Dokumentationen g\u00f6r det m\u00f6jligt att \u00e5terskapa skadad egendom, samtidigt som den \u00e4r tillg\u00e4nglig f\u00f6r allm\u00e4nheten och forskning.<\/p>\n<p>L\u00e4nsstyrelsen \u00e4r den h\u00f6gsta civila totalf\u00f6rsvarsmyndigheten i l\u00e4net och ansvarig f\u00f6r att skydda kulturegendomarna.<\/p>\n<p>\u2013 Arbetet ska g\u00f6ras under fredstid. Vi ska v\u00e4lja, m\u00e4rka ut och planera f\u00f6r undanf\u00f6rsel av kulturegendomar i h\u00e4ndelse av krig. <\/p>\n","protected":false},"excerpt":{"rendered":"Genom historien finns det flera exempel p\u00e5 hur kulturarvet skadas i krig och konflikter. Nu har L\u00e4nsstyrelsen i&hellip;\n","protected":false},"author":2,"featured_media":117246,"comment_status":"","ping_status":"","sticky":false,"template":"","format":"standard","meta":{"footnotes":""},"categories":[12],"tags":[22,23,26,27,17,21,24,25,28,29,15,16,18,34,31,33,32,30,19,20],"class_list":{"0":"post-117245","1":"post","2":"type-post","3":"status-publish","4":"format-standard","5":"has-post-thumbnail","7":"category-sverige","8":"tag-breaking-news","9":"tag-breakingnews","10":"tag-featured-news","11":"tag-featurednews","12":"tag-headlines","13":"tag-huvudnyheter","14":"tag-latest-news","15":"tag-latestnews","16":"tag-main-news","17":"tag-mainnews","18":"tag-news","19":"tag-nyheter","20":"tag-rubriker","21":"tag-se","22":"tag-svenska","23":"tag-sverige","24":"tag-sweden","25":"tag-swedish","26":"tag-top-stories","27":"tag-topstories"},"share_on_mastodon":{"url":"https:\/\/pubeurope.com\/@se\/115784897240745320","error":""},"_links":{"self":[{"href":"https:\/\/www.europesays.com\/se\/wp-json\/wp\/v2\/posts\/117245","targetHints":{"allow":["GET"]}}],"collection":[{"href":"https:\/\/www.europesays.com\/se\/wp-json\/wp\/v2\/posts"}],"about":[{"href":"https:\/\/www.europesays.com\/se\/wp-json\/wp\/v2\/types\/post"}],"author":[{"embeddable":true,"href":"https:\/\/www.europesays.com\/se\/wp-json\/wp\/v2\/users\/2"}],"replies":[{"embeddable":true,"href":"https:\/\/www.europesays.com\/se\/wp-json\/wp\/v2\/comments?post=117245"}],"version-history":[{"count":0,"href":"https:\/\/www.europesays.com\/se\/wp-json\/wp\/v2\/posts\/117245\/revisions"}],"wp:featuredmedia":[{"embeddable":true,"href":"https:\/\/www.europesays.com\/se\/wp-json\/wp\/v2\/media\/117246"}],"wp:attachment":[{"href":"https:\/\/www.europesays.com\/se\/wp-json\/wp\/v2\/media?parent=117245"}],"wp:term":[{"taxonomy":"category","embeddable":true,"href":"https:\/\/www.europesays.com\/se\/wp-json\/wp\/v2\/categories?post=117245"},{"taxonomy":"post_tag","embeddable":true,"href":"https:\/\/www.europesays.com\/se\/wp-json\/wp\/v2\/tags?post=117245"}],"curies":[{"name":"wp","href":"https:\/\/api.w.org\/{rel}","templated":true}]}}