{"id":117247,"date":"2025-12-26T08:21:26","date_gmt":"2025-12-26T08:21:26","guid":{"rendered":"https:\/\/www.europesays.com\/se\/117247\/"},"modified":"2025-12-26T08:21:26","modified_gmt":"2025-12-26T08:21:26","slug":"stoppades-med-spikmatta-efter-polisjakt","status":"publish","type":"post","link":"https:\/\/www.europesays.com\/se\/117247\/","title":{"rendered":"Stoppades med spikmatta efter polisjakt"},"content":{"rendered":"<p class=\"sc-c25743f0-0 sc-e37c0145-2 hObFds DQgPn\">Det var vid niotiden p\u00e5 juldagskv\u00e4llen som mannen v\u00e4grade stanna p\u00e5 en polispatrulls beg\u00e4ran p\u00e5 E18 i h\u00f6jd med Enk\u00f6ping.<\/p>\n<p class=\"sc-c25743f0-0 sc-e37c0145-2 hObFds DQgPn\">Mannen jagades i h\u00f6g hasighet till Hallstahammar, d\u00e4r han kunde stoppas med spikmatta.<\/p>\n<p class=\"sc-c25743f0-0 sc-e37c0145-2 hObFds DQgPn\">Under jakten ska mannen ha sl\u00e4ngt ut saker ur bilen, d\u00e4ribland narkotikaklassade l\u00e4kemedel.<\/p>\n<p class=\"sc-c25743f0-0 sc-e37c0145-2 hObFds DQgPn\">Mannen saknar k\u00f6rkort och misst\u00e4nks f\u00f6r grov v\u00e5rdsl\u00f6shet i trafik, grovt rattfylleri, grov olovlig k\u00f6rning, brott mot knivlagen, f\u00f6r att ej stannat p\u00e5 polismans tecken samt narkotikabrott.<\/p>\n","protected":false},"excerpt":{"rendered":"Det var vid niotiden p\u00e5 juldagskv\u00e4llen som mannen v\u00e4grade stanna p\u00e5 en polispatrulls beg\u00e4ran p\u00e5 E18 i h\u00f6jd&hellip;\n","protected":false},"author":2,"featured_media":77179,"comment_status":"","ping_status":"","sticky":false,"template":"","format":"standard","meta":{"footnotes":""},"categories":[5],"tags":[22,23,26,27,17,21,24,25,28,29,15,16,18,34,31,33,32,30,19,20],"class_list":{"0":"post-117247","1":"post","2":"type-post","3":"status-publish","4":"format-standard","5":"has-post-thumbnail","7":"category-rubriker","8":"tag-breaking-news","9":"tag-breakingnews","10":"tag-featured-news","11":"tag-featurednews","12":"tag-headlines","13":"tag-huvudnyheter","14":"tag-latest-news","15":"tag-latestnews","16":"tag-main-news","17":"tag-mainnews","18":"tag-news","19":"tag-nyheter","20":"tag-rubriker","21":"tag-se","22":"tag-svenska","23":"tag-sverige","24":"tag-sweden","25":"tag-swedish","26":"tag-top-stories","27":"tag-topstories"},"share_on_mastodon":{"url":"https:\/\/pubeurope.com\/@se\/115784901138170778","error":""},"_links":{"self":[{"href":"https:\/\/www.europesays.com\/se\/wp-json\/wp\/v2\/posts\/117247","targetHints":{"allow":["GET"]}}],"collection":[{"href":"https:\/\/www.europesays.com\/se\/wp-json\/wp\/v2\/posts"}],"about":[{"href":"https:\/\/www.europesays.com\/se\/wp-json\/wp\/v2\/types\/post"}],"author":[{"embeddable":true,"href":"https:\/\/www.europesays.com\/se\/wp-json\/wp\/v2\/users\/2"}],"replies":[{"embeddable":true,"href":"https:\/\/www.europesays.com\/se\/wp-json\/wp\/v2\/comments?post=117247"}],"version-history":[{"count":0,"href":"https:\/\/www.europesays.com\/se\/wp-json\/wp\/v2\/posts\/117247\/revisions"}],"wp:featuredmedia":[{"embeddable":true,"href":"https:\/\/www.europesays.com\/se\/wp-json\/wp\/v2\/media\/77179"}],"wp:attachment":[{"href":"https:\/\/www.europesays.com\/se\/wp-json\/wp\/v2\/media?parent=117247"}],"wp:term":[{"taxonomy":"category","embeddable":true,"href":"https:\/\/www.europesays.com\/se\/wp-json\/wp\/v2\/categories?post=117247"},{"taxonomy":"post_tag","embeddable":true,"href":"https:\/\/www.europesays.com\/se\/wp-json\/wp\/v2\/tags?post=117247"}],"curies":[{"name":"wp","href":"https:\/\/api.w.org\/{rel}","templated":true}]}}