{"id":117248,"date":"2025-12-26T08:23:08","date_gmt":"2025-12-26T08:23:08","guid":{"rendered":"https:\/\/www.europesays.com\/se\/117248\/"},"modified":"2025-12-26T08:23:08","modified_gmt":"2025-12-26T08:23:08","slug":"norska-stjarnan-tvingas-dra-sig-ur-tour-de-ski-expressen","status":"publish","type":"post","link":"https:\/\/www.europesays.com\/se\/117248\/","title":{"rendered":"Norska stj\u00e4rnan tvingas dra sig ur Tour de ski &#8211; Expressen"},"content":{"rendered":"<ol>\n<li><a href=\"https:\/\/news.google.com\/rss\/articles\/CBMihgFBVV95cUxOX2dWTWhzeEhuLWZQd21tNjRLU0pwV0pqaEpRaFBpRmhDR29STlVqRWF0ZWZudXcxU05RVzhnR1g4czU3ZHJiOGhwamgwZWJmczNuV0Z1U1ViclhwZXB5NDA4UEtDRXZpak45SUxuUDdFZUY3VzJtYjFKbVQzOV9BSFp0RS10UQ?oc=5\" target=\"_blank\" rel=\"nofollow noopener\">Norska stj\u00e4rnan tvingas dra sig ur Tour de ski<\/a>&nbsp;&nbsp;Expressen<\/li>\n<li><a href=\"https:\/\/news.google.com\/rss\/articles\/CBMijwFBVV95cUxQRnNHX3NYajYyeXBjbW9CdFBJUGh4Z0g4MnpmczI1a3NpV0J6S0N5c0VuRlFtT3p3TUZYOHVtN0VlNWNXZGU3Q0VFREp0eHVtM0haWENESnhCMXVpR2dwZzhXVmd2OUpMaHNKX3dSUEFpbHFKc1pQa2ZVUVI2RG1WMDE4Z0xhMWhMYXhSaDFVNA?oc=5\" target=\"_blank\" rel=\"nofollow noopener\">Norsk sm\u00e4ll: Tvingas st\u00e5 \u00f6ver Tour de ski<\/a>&nbsp;&nbsp;Aftonbladet<\/li>\n<li><a href=\"https:\/\/news.google.com\/rss\/articles\/CBMivAFBVV95cUxPLUlEcTIwV0RpRnh5UkJJbzlSV1VKZmtyRE5RUFMwYmIyMWZPRE9GREhpMEJ1M0hiNzE1aVdjc3VTM1ZEUWFRUFJZTmsyOGU3eHlDR05tRTF0cFpzS200VU9qb1I1TWZ5Q1RsZm1PbzlxMEZVTlZsek9zajRCemFNWEM3TEs1cEpqQ2YzR1FYSDg1OFN1NXIzZGtTNkZQOHpoc2lsSkp6ZTZRRjc0bE4zYkI5cl9XN25LRk40Rw?oc=5\" target=\"_blank\" rel=\"nofollow noopener\">Vintersport: Norska stj\u00e4rnan missar Tour de Ski \u2013 Vinterstudion 2025\/26 \u2013 nyheter och s\u00e4ndningar<\/a>&nbsp;&nbsp;SVT Nyheter<\/li>\n<li><a href=\"https:\/\/news.google.com\/rss\/articles\/CBMiekFVX3lxTFBJN2NoMGUwNlhIRlFqQW5rMHlnX1dGWHdfcXhialdmdDdDTTM0dWFGNVlVV1ZBUGlzLWhDZU1yOVZSajJCYlI0WmhEa3dFWnBvbmVIWGw2Tm1vZlJNdmZjb0xoR1dNTG9tNC1yOS1MaC12Tl9NOF8wcFFn?oc=5\" target=\"_blank\" rel=\"nofollow noopener\">Norska stj\u00e4rnan sjuk \u2013 missar \u00e5rets Tour de Ski<\/a>&nbsp;&nbsp;Omni<\/li>\n<li><a href=\"https:\/\/news.google.com\/rss\/articles\/CBMikAFBVV95cUxQRFNqcFBFajl6TFk0ZlhYN253blY5QjNzNnYtNXpOVFRkcWY2TS1GQTVaVlFVNnUzajEtZThHd0ktN2s0Tm54RlMxcjFzV0dYXzMtN0xLVW1oXzUxbkNmbmcyb1JXeU9UTXRkZ1llUUJrejdtRHVZdk5YVjhXN3R5eXVYcE9VUWROZ0hnQkw3LXQ?oc=5\" target=\"_blank\" rel=\"nofollow noopener\">(+) Sjuk Lotta Udnes Weng drar sig ur Tour de Ski<\/a>&nbsp;&nbsp;\u00c5landstidningen<\/li>\n<\/ol>\n","protected":false},"excerpt":{"rendered":"Norska stj\u00e4rnan tvingas dra sig ur Tour de ski&nbsp;&nbsp;Expressen Norsk sm\u00e4ll: Tvingas st\u00e5 \u00f6ver Tour de ski&nbsp;&nbsp;Aftonbladet Vintersport:&hellip;\n","protected":false},"author":2,"featured_media":117249,"comment_status":"","ping_status":"","sticky":false,"template":"","format":"standard","meta":{"footnotes":""},"categories":[68],"tags":[12204,12598,34,857,111,110,31,33,32,30],"class_list":{"0":"post-117248","1":"post","2":"type-post","3":"status-publish","4":"format-standard","5":"has-post-thumbnail","7":"category-sport","8":"tag-organization-tour-de-ski","9":"tag-person-lotta-udnes-weng","10":"tag-se","11":"tag-sections-langdskidor","12":"tag-sport","13":"tag-sports","14":"tag-svenska","15":"tag-sverige","16":"tag-sweden","17":"tag-swedish"},"share_on_mastodon":{"url":"https:\/\/pubeurope.com\/@se\/115784909178614206","error":""},"_links":{"self":[{"href":"https:\/\/www.europesays.com\/se\/wp-json\/wp\/v2\/posts\/117248","targetHints":{"allow":["GET"]}}],"collection":[{"href":"https:\/\/www.europesays.com\/se\/wp-json\/wp\/v2\/posts"}],"about":[{"href":"https:\/\/www.europesays.com\/se\/wp-json\/wp\/v2\/types\/post"}],"author":[{"embeddable":true,"href":"https:\/\/www.europesays.com\/se\/wp-json\/wp\/v2\/users\/2"}],"replies":[{"embeddable":true,"href":"https:\/\/www.europesays.com\/se\/wp-json\/wp\/v2\/comments?post=117248"}],"version-history":[{"count":0,"href":"https:\/\/www.europesays.com\/se\/wp-json\/wp\/v2\/posts\/117248\/revisions"}],"wp:featuredmedia":[{"embeddable":true,"href":"https:\/\/www.europesays.com\/se\/wp-json\/wp\/v2\/media\/117249"}],"wp:attachment":[{"href":"https:\/\/www.europesays.com\/se\/wp-json\/wp\/v2\/media?parent=117248"}],"wp:term":[{"taxonomy":"category","embeddable":true,"href":"https:\/\/www.europesays.com\/se\/wp-json\/wp\/v2\/categories?post=117248"},{"taxonomy":"post_tag","embeddable":true,"href":"https:\/\/www.europesays.com\/se\/wp-json\/wp\/v2\/tags?post=117248"}],"curies":[{"name":"wp","href":"https:\/\/api.w.org\/{rel}","templated":true}]}}