{"id":117250,"date":"2025-12-26T08:24:14","date_gmt":"2025-12-26T08:24:14","guid":{"rendered":"https:\/\/www.europesays.com\/se\/117250\/"},"modified":"2025-12-26T08:24:14","modified_gmt":"2025-12-26T08:24:14","slug":"kvallens-tv-tips-emma-watsons-favoritscen-i-harry-potter-fanns-aldrig-med-i-bockerna","status":"publish","type":"post","link":"https:\/\/www.europesays.com\/se\/117250\/","title":{"rendered":"Kv\u00e4llens tv-tips: Emma Watsons favoritscen i &#8221;Harry Potter&#8221; \u2013 fanns aldrig med i b\u00f6ckerna"},"content":{"rendered":"<p>Man valde att splittra upp sista \u201dHarry Potter\u201d-boken i tv\u00e5 filmer. Bra eller d\u00e5ligt? Bra om du fr\u00e5gar Warner. Och bra om du fr\u00e5gar de flesta \u201dPotter\u201d-fans. Men varf\u00f6r gjorde man inte tv\u00e5 filmer om varje bok..? \u00c4sch, man kom p\u00e5 konceptet f\u00f6rsent. <\/p>\n<p><strong>Emma Watsons <\/strong>favoritscen fr\u00e5n hela filmserien \u00e4r fr\u00e5n just \u201dD\u00f6dsrelikerna: Del 1\u201d. I \u201d<a href=\"https:\/\/www.moviezine.se\/movies\/harry-potter-20th-anniversary-return-to-hogwarts\" rel=\"nofollow noopener\" target=\"_blank\">Harry Potter 20-\u00e5rsjubileum: Tillbaka till Hogwarts<\/a>\u201d ber\u00e4ttar Watson varf\u00f6r just den h\u00e4r scenen betyder s\u00e5 mycket f\u00f6r henne:<\/p>\n<p>\u2013 Scenen jag trodde skulle bli pinsam f\u00f6r oss att spela in och gjorde mig os\u00e4ker\u2026 var n\u00e4r vi skulle dansa ihop. Nu \u00e4r det en av mina favoritscener fr\u00e5n hela serien. Den m\u00e4ngd f\u00f6rtrogenhet vi hade f\u00f6r varandra under den tiden; jag tror inte jag hade kunnat g\u00f6ra en liknande scen med en annan sk\u00e5despelare.\u00a0<\/p>\n<p>L\u00e4s ocks\u00e5: <a href=\"https:\/\/www.moviezine.se\/nyheter\/kritikerfavoriten-du-inte-sag-pa-bio-slapps-digitalt-idag-overraskar-standigt\" title=\"Kritikerfavoriten du inte s\u00e5g p\u00e5 bio sl\u00e4pps digitalt idag: \u201d\u00d6verraskar st\u00e4ndigt\u201d\" class=\"underline-custom !font-montserrat !font-bold !underline-offset-4 !decoration-4 !decoration-moviezine-green !text-md\" rel=\"nofollow noopener\" target=\"_blank\">Kritikerfavoriten du inte s\u00e5g p\u00e5 bio sl\u00e4pps digitalt idag: \u201d\u00d6verraskar st\u00e4ndigt\u201d<\/a><\/p>\n<p><img loading=\"lazy\" height=\"365\" width=\"648\" class=\"wp-image-709457 sp-no-webp perfmatters-lazy\" alt=\"\" decoding=\"async\" src=\"https:\/\/www.europesays.com\/se\/wp-content\/uploads\/2025\/12\/Harry-potter-och-dodsrelikerna-2-648x365.jpg\"  data-\/> <\/p>\n<p>Scenen i fr\u00e5ga \u00e4r den lilla dans Harry och Hermione f\u00e5r till efter att Ron dissar duon p\u00e5 grund av svartsjuka. Scenen \u00e4r tillagd och finns inte med i b\u00f6ckerna, men det magiska \u00f6gonblicket tillh\u00f6r bland de mest uppskattade inslagen i filmserien. Ensamma, f\u00f6rs\u00f6ker Harry och Hermione finna tr\u00f6st hos varandra. <\/p>\n<p>L\u00e4s ocks\u00e5: <a href=\"https:\/\/www.moviezine.se\/nyheter\/steven-spielberg-vagrade-jobba-med-ben-affleck-efter-familjebrak-jag-har-problem-med-honom\" title=\"Steven Spielberg v\u00e4grade jobba med Ben Affleck efter br\u00e5k vid pool\" class=\"underline-custom !font-montserrat !font-bold !underline-offset-4 !decoration-4 !decoration-moviezine-green !text-md\" rel=\"nofollow noopener\" target=\"_blank\">Steven Spielberg v\u00e4grade jobba med Ben Affleck efter br\u00e5k vid pool<\/a><\/p>\n<p><a href=\"https:\/\/www.moviezine.se\/movies\/harry-potter-och-dodsrelikerna-del-1\" rel=\"nofollow noopener\" target=\"_blank\">MovieZine delar ut 4\/5 i betyg<\/a>. Det skrivs att \u201ddet \u00e4r med bitterljuv k\u00e4nsla man ser den n\u00e4st sista delen av Harry Potters oktalogi. En k\u00e4nsla som m\u00f6jligtvis solkas av vetskapen att det snart \u00e4r \u00f6ver. F\u00f6r det tycks som att \u00e4ven de mest cyniska filmstropparna fallit till f\u00f6ga f\u00f6r den naiva charm som \u00e4r JK Rowlings livsverk.\u201d<\/p>\n<p>Missa inte upptakten till det episka avslutet av \u201dHarry Potter\u201d-sagan. Ikv\u00e4ll visas filmen p\u00e5 tv! <\/p>\n<p><strong>H\u00e4r kan du se \u201dHarry Potter och d\u00f6dsrelikerna: Del 1\u201d:\u00a0<\/strong><\/p>\n<ul class=\"wp-block-list\">\n<li>Ikv\u00e4ll 26\/12 klockan 17:55 p\u00e5 TV3<\/li>\n<li>Streama p\u00e5 HBO Max eller Tele2 Play <\/li>\n<li>Hyr\/k\u00f6p p\u00e5 SF Anytime, Viaplay eller Apple <\/li>\n<\/ul>\n<p><img loading=\"lazy\" decoding=\"async\" alt=\"YouTube video\" width=\"480\" height=\"360\" data-pin-nopin=\"true\" nopin=\"nopin\" class=\"perfmatters-lazy\" src=\"https:\/\/www.europesays.com\/se\/wp-content\/uploads\/2025\/12\/1766737454_487_hqdefault.jpg\"\/><\/p>\n<p>L\u00e4s ocks\u00e5: <a href=\"https:\/\/www.moviezine.se\/nyheter\/stellan-skarsgard-briljerar-i-ett-familjedrama-som-traffar-rakt-i-hjartat-slapps-digitalt-idag\" title=\"Missat Stellan Skarsg\u00e5rds \u201dSentimental Value\u201d? Se det hyllade familjedramat hemma\" class=\"underline-custom !font-montserrat !font-bold !underline-offset-4 !decoration-4 !decoration-moviezine-green !text-md\" rel=\"nofollow noopener\" target=\"_blank\">Missat Stellan Skarsg\u00e5rds \u201dSentimental Value\u201d? Se det hyllade familjedramat hemma<\/a><\/p>\n","protected":false},"excerpt":{"rendered":"Man valde att splittra upp sista \u201dHarry Potter\u201d-boken i tv\u00e5 filmer. Bra eller d\u00e5ligt? Bra om du fr\u00e5gar&hellip;\n","protected":false},"author":2,"featured_media":117251,"comment_status":"","ping_status":"","sticky":false,"template":"","format":"standard","meta":{"footnotes":""},"categories":[67],"tags":[104,2971,2454,34,31,33,32,30,2768,105,11455],"class_list":{"0":"post-117250","1":"post","2":"type-post","3":"status-publish","4":"format-standard","5":"has-post-thumbnail","7":"category-underhallning","8":"tag-entertainment","9":"tag-fantasy","10":"tag-harry-potter","11":"tag-se","12":"tag-svenska","13":"tag-sverige","14":"tag-sweden","15":"tag-swedish","16":"tag-tv-tips","17":"tag-underhallning","18":"tag-warner-bros"},"share_on_mastodon":{"url":"https:\/\/pubeurope.com\/@se\/115784913156363919","error":""},"_links":{"self":[{"href":"https:\/\/www.europesays.com\/se\/wp-json\/wp\/v2\/posts\/117250","targetHints":{"allow":["GET"]}}],"collection":[{"href":"https:\/\/www.europesays.com\/se\/wp-json\/wp\/v2\/posts"}],"about":[{"href":"https:\/\/www.europesays.com\/se\/wp-json\/wp\/v2\/types\/post"}],"author":[{"embeddable":true,"href":"https:\/\/www.europesays.com\/se\/wp-json\/wp\/v2\/users\/2"}],"replies":[{"embeddable":true,"href":"https:\/\/www.europesays.com\/se\/wp-json\/wp\/v2\/comments?post=117250"}],"version-history":[{"count":0,"href":"https:\/\/www.europesays.com\/se\/wp-json\/wp\/v2\/posts\/117250\/revisions"}],"wp:featuredmedia":[{"embeddable":true,"href":"https:\/\/www.europesays.com\/se\/wp-json\/wp\/v2\/media\/117251"}],"wp:attachment":[{"href":"https:\/\/www.europesays.com\/se\/wp-json\/wp\/v2\/media?parent=117250"}],"wp:term":[{"taxonomy":"category","embeddable":true,"href":"https:\/\/www.europesays.com\/se\/wp-json\/wp\/v2\/categories?post=117250"},{"taxonomy":"post_tag","embeddable":true,"href":"https:\/\/www.europesays.com\/se\/wp-json\/wp\/v2\/tags?post=117250"}],"curies":[{"name":"wp","href":"https:\/\/api.w.org\/{rel}","templated":true}]}}