{"id":117254,"date":"2025-12-26T08:29:13","date_gmt":"2025-12-26T08:29:13","guid":{"rendered":"https:\/\/www.europesays.com\/se\/117254\/"},"modified":"2025-12-26T08:29:13","modified_gmt":"2025-12-26T08:29:13","slug":"trump-attackerat-is-terrorister-svt-nyheter","status":"publish","type":"post","link":"https:\/\/www.europesays.com\/se\/117254\/","title":{"rendered":"Trump: Attackerat IS-terrorister | SVT Nyheter"},"content":{"rendered":"<p>USA har utf\u00f6rt \u201dett flertal\u201d attacker mot det man h\u00e4vdar \u00e4r IS-terrorister i Nigeria, skriver president Donald Trump p\u00e5 Truth Social. <\/p>\n<p>\u201dJag har varnat dessa terrorister att om de inte slutade slakta kristna, skulle de f\u00e5 betala dyrt. Det har de f\u00e5tt g\u00f6ra i kv\u00e4ll\u201d, skriver han. <\/p>\n<p>Enligt Africom, som ansvarar f\u00f6r USA:s milit\u00e4ra operationer i Afrika, utf\u00f6rdes attackerna p\u00e5 beg\u00e4ran av nigerianska myndigheter. Det nigerianska utrikesdepartementet bekr\u00e4ftade attackerna. <\/p>\n","protected":false},"excerpt":{"rendered":"USA har utf\u00f6rt \u201dett flertal\u201d attacker mot det man h\u00e4vdar \u00e4r IS-terrorister i Nigeria, skriver president Donald Trump&hellip;\n","protected":false},"author":2,"featured_media":793,"comment_status":"","ping_status":"","sticky":false,"template":"","format":"standard","meta":{"footnotes":""},"categories":[5],"tags":[22,23,26,27,17,21,24,25,28,29,15,16,18,34,31,33,32,30,19,20],"class_list":{"0":"post-117254","1":"post","2":"type-post","3":"status-publish","4":"format-standard","5":"has-post-thumbnail","7":"category-rubriker","8":"tag-breaking-news","9":"tag-breakingnews","10":"tag-featured-news","11":"tag-featurednews","12":"tag-headlines","13":"tag-huvudnyheter","14":"tag-latest-news","15":"tag-latestnews","16":"tag-main-news","17":"tag-mainnews","18":"tag-news","19":"tag-nyheter","20":"tag-rubriker","21":"tag-se","22":"tag-svenska","23":"tag-sverige","24":"tag-sweden","25":"tag-swedish","26":"tag-top-stories","27":"tag-topstories"},"share_on_mastodon":{"url":"https:\/\/pubeurope.com\/@se\/115784932607565514","error":""},"_links":{"self":[{"href":"https:\/\/www.europesays.com\/se\/wp-json\/wp\/v2\/posts\/117254","targetHints":{"allow":["GET"]}}],"collection":[{"href":"https:\/\/www.europesays.com\/se\/wp-json\/wp\/v2\/posts"}],"about":[{"href":"https:\/\/www.europesays.com\/se\/wp-json\/wp\/v2\/types\/post"}],"author":[{"embeddable":true,"href":"https:\/\/www.europesays.com\/se\/wp-json\/wp\/v2\/users\/2"}],"replies":[{"embeddable":true,"href":"https:\/\/www.europesays.com\/se\/wp-json\/wp\/v2\/comments?post=117254"}],"version-history":[{"count":0,"href":"https:\/\/www.europesays.com\/se\/wp-json\/wp\/v2\/posts\/117254\/revisions"}],"wp:featuredmedia":[{"embeddable":true,"href":"https:\/\/www.europesays.com\/se\/wp-json\/wp\/v2\/media\/793"}],"wp:attachment":[{"href":"https:\/\/www.europesays.com\/se\/wp-json\/wp\/v2\/media?parent=117254"}],"wp:term":[{"taxonomy":"category","embeddable":true,"href":"https:\/\/www.europesays.com\/se\/wp-json\/wp\/v2\/categories?post=117254"},{"taxonomy":"post_tag","embeddable":true,"href":"https:\/\/www.europesays.com\/se\/wp-json\/wp\/v2\/tags?post=117254"}],"curies":[{"name":"wp","href":"https:\/\/api.w.org\/{rel}","templated":true}]}}