{"id":117257,"date":"2025-12-26T08:32:53","date_gmt":"2025-12-26T08:32:53","guid":{"rendered":"https:\/\/www.europesays.com\/se\/117257\/"},"modified":"2025-12-26T08:32:53","modified_gmt":"2025-12-26T08:32:53","slug":"leif-bytte-manhattan-mot-nicklagarden-smalanningen","status":"publish","type":"post","link":"https:\/\/www.europesays.com\/se\/117257\/","title":{"rendered":"Leif bytte Manhattan mot Nicklag\u00e5rden \u2013 Sm\u00e5l\u00e4nningen"},"content":{"rendered":"<p>Leif Adamsson, 83, har st\u00e4llt ut i New York och hyllats av internationella konstkritiker.<\/p>\n<p>P\u00e5 \u00e5lderns h\u00f6st forts\u00e4tter han att m\u00e5la p\u00e5 Nicklag\u00e5rden.<\/p>\n<p>\u2013 Det \u00e4r ett privilegium att fortfarande f\u00e5 skapa, s\u00e4ger Leif Adamsson.<\/p>\n<p><img loading=\"lazy\" decoding=\"async\" width=\"980\" height=\"551\" class=\"article-image article-image--featured\" alt=\"Leif Adamsson forts\u00e4tter att skapa konst fr\u00e5n Nicklag\u00e5rden. \u2013 Det \u00e4r ju livet att f\u00e5 m\u00e5la, s\u00e4ger Leif.\" src=\"https:\/\/www.europesays.com\/se\/wp-content\/uploads\/2025\/12\/59342836-b8b6-4da0-969a-5a581e1da7be.jpeg\"  \/><a class=\"article__lightbox-link\" href=\"https:\/\/static.bonniernews.se\/ba\/59342836-b8b6-4da0-969a-5a581e1da7be.jpeg?crop=5712%2C3213%2Cx0%2Cy536&amp;width=1400&amp;format=pjpg&amp;auto=avif\" data-pswp-width=\"1400\" data-pswp-height=\"788\" data-pswp-caption=\"Leif Adamsson forts\u00e4tter att skapa konst fr\u00e5n Nicklag\u00e5rden. \u2013 Det \u00e4r ju livet att f\u00e5 m\u00e5la, s\u00e4ger Leif. Bild: Anna Lilliequist\" data-pswp- rel=\"nofollow noopener\" target=\"_blank\">\u00d6ppna bild i helsk\u00e4rmsl\u00e4ge<\/a><\/p>\n<p class=\"txt-style-muted\" aria-hidden=\"true\">Leif Adamsson forts\u00e4tter att skapa konst fr\u00e5n Nicklag\u00e5rden. \u2013 Det \u00e4r ju livet att f\u00e5 m\u00e5la, s\u00e4ger Leif.<\/p>\n<p class=\"article__figcaption-attribution txt-style-muted\">Bild: Anna Lilliequist<\/p>\n<p>I Leif Adamssons rum p\u00e5 Nicklag\u00e5rden lyser lampan ofta sent p\u00e5 kv\u00e4llen och natten.<\/p>\n<p>Det \u00e4r kreativitetens lampa. I en del av rummet har Leif som en atelj\u00e9 med f\u00e4rger och penslar.<\/p>\n<p>\u2013 Jag jobbar helst p\u00e5 kv\u00e4llen. D\u00e5 \u00e4r det lugn och ro. D\u00e5 f\u00e5r jag mest inspiration, s\u00e4ger Leif, som bott p\u00e5 Nicklag\u00e5rden i fem m\u00e5nader.<\/p>\n<p>F\u00f6r 30 \u00e5r sedan var Leif Adamsson en av de konstn\u00e4rer som valdes ut till Art 95 i New York. Hans verk med \u201dfrostiga pastelltoner och starka kompositionella sp\u00e4nningar\u201d hyllades av internationella kritiker.<\/p>\n<p aria-disabled=\"true\" class=\"ad__preamble ad-text txt-style-muted txt-ui txt-ui--strong txt-ui-2\">Annons<\/p>\n<p>Leif har flera g\u00e5nger st\u00e4llt ut i New York och skyskapor fr\u00e5n den stora staden, d\u00e4r ljuset reflekteras i glaspartierna, finns bland hans m\u00e5lningar.<\/p>\n<p>Ljusets dr\u00f6mmare har han sj\u00e4lv beskrivit sitt koncept inf\u00f6r utst\u00e4llningar, d\u00e4r han leker med hur ljuset speglar sig i olika milj\u00f6er.<\/p>\n<p>\u2013 Det \u00e4r meditativt och abstrakt, s\u00e4ger Leif sj\u00e4lv om sin stil.<\/p>\n<p aria-disabled=\"true\" class=\"ad__preamble ad-text txt-style-muted txt-ui txt-ui--strong txt-ui-2\">Annons<\/p>\n<p>N\u00e4r han beskriver konstn\u00e4rer som inspirerat n\u00e4mns b\u00e5de Munch, Matisse och Monet.<\/p>\n<p><img decoding=\"async\" width=\"640\" height=\"853\" class=\"article-image article-image--unbound\" alt=\"En av tavlorna som visar Leifs abstrakta stil som en \u201dljusets dr\u00f6mmare\u201d.\" src=\"https:\/\/www.europesays.com\/se\/wp-content\/uploads\/2025\/12\/3c3d5c91-28f2-4655-a793-1267ede287cb.jpeg\"   loading=\"lazy\"\/><a class=\"article__lightbox-link\" href=\"https:\/\/static.bonniernews.se\/ba\/3c3d5c91-28f2-4655-a793-1267ede287cb.jpeg?width=1400&amp;format=pjpg&amp;auto=avif\" data-pswp-width=\"1400\" data-pswp-height=\"1867\" data-pswp-caption=\"En av tavlorna som visar Leifs abstrakta stil som en \u201dljusets dr\u00f6mmare\u201d. Bild: Anna Lilliequist\" data-pswp- rel=\"nofollow noopener\" target=\"_blank\">\u00d6ppna bild i helsk\u00e4rmsl\u00e4ge<\/a><\/p>\n<p class=\"txt-style-muted\" aria-hidden=\"true\">En av tavlorna som visar Leifs abstrakta stil som en \u201dljusets dr\u00f6mmare\u201d.<\/p>\n<p class=\"article__figcaption-attribution txt-style-muted\">Bild: Anna Lilliequist<\/p>\n<p>\u00c4ven i Sverige har Leif m\u00e5nga utst\u00e4llningar bakom sig, bland annat i Stockholm, G\u00f6teborg och Malm\u00f6.\u00a0<\/p>\n<p>\u2013 Men jag har st\u00e4llt ut lokalt ocks\u00e5, p\u00e5 Kulturhuset, M\u00f6ckelsn\u00e4s herrg\u00e5rd och Galleri Sm\u00e5land bland annat, s\u00e4ger Leif Adamsson.<\/p>\n<p>M\u00e5nga k\u00e4nner \u00e4ven igen Leif genom hans andra profession, d\u00e5 han i m\u00e5nga \u00e5r arbetade som spr\u00e5kl\u00e4rare i franska och engelska p\u00e5 Hagan\u00e4sskolan.<\/p>\n<p>\u2013 Det h\u00e4nder att jag tr\u00e4ffar tidigare elever h\u00e4r p\u00e5 Nicklag\u00e5rden, s\u00e4ger Leif.<\/p>\n<p>P\u00e5 staffliet framf\u00f6r honom finns en av de senaste m\u00e5lningarna. Den \u00e4r inspirerad fr\u00e5n ett Pariskaf\u00e9.<\/p>\n<p>\u2013 Jag har studerat i Sorbonne i Paris. Jag har alltid rest mycket. Jag reser inte s\u00e5 mycket i v\u00e4rlden l\u00e4ngre. Men genom att m\u00e5la reser jag fortfarande. H\u00e4r inne, s\u00e4ger\u00a0 Leif Adamsson och pekar p\u00e5 huvudet.<\/p>\n<p><img decoding=\"async\" width=\"640\" height=\"480\" class=\"article-image article-image--unbound\" alt=\"Motiv med inspiration fr\u00e5n tiden i Paris, d\u00e4r Leif studerat p\u00e5 Sorbonne-universitetet.\" src=\"https:\/\/www.europesays.com\/se\/wp-content\/uploads\/2025\/12\/eafbe429-ffde-4801-8fc2-ba87d7db6352.jpeg\"   loading=\"lazy\"\/><a class=\"article__lightbox-link\" href=\"https:\/\/static.bonniernews.se\/ba\/eafbe429-ffde-4801-8fc2-ba87d7db6352.jpeg?width=1400&amp;format=pjpg&amp;auto=avif\" data-pswp-width=\"1400\" data-pswp-height=\"1050\" data-pswp-caption=\"Motiv med inspiration fr\u00e5n tiden i Paris, d\u00e4r Leif studerat p\u00e5 Sorbonne-universitetet. Bild: Anna Lilliequist\" data-pswp- rel=\"nofollow noopener\" target=\"_blank\">\u00d6ppna bild i helsk\u00e4rmsl\u00e4ge<\/a><\/p>\n<p class=\"txt-style-muted\" aria-hidden=\"true\">Motiv med inspiration fr\u00e5n tiden i Paris, d\u00e4r Leif studerat p\u00e5 Sorbonne-universitetet.<\/p>\n<p class=\"article__figcaption-attribution txt-style-muted\">Bild: Anna Lilliequist<\/p>\n<p aria-disabled=\"true\" class=\"ad__preamble ad-text txt-style-muted txt-ui txt-ui--strong txt-ui-2\">Annons<\/p>\n<p aria-disabled=\"true\" class=\"ad__preamble ad-text txt-style-muted txt-ui txt-ui--strong txt-ui-2\">Annons<\/p>\n<p>Nyligen h\u00f6lls en v\u00e4lbes\u00f6kt vernissage p\u00e5 Nicklag\u00e5rden d\u00e4r Leif var en av utst\u00e4llarna.<\/p>\n<p>Det betydde mycket f\u00f6r honom att ha f\u00e5tt st\u00e4lla ut igen.<\/p>\n<p>\u2013 Jag trivs bra h\u00e4r. De \u00e4r fantastiska personalen, s\u00e4ger Leif.<\/p>\n<p>En av anledningarna till det \u00e4r just att han f\u00e5r forts\u00e4tta att skapa.<\/p>\n<p><img decoding=\"async\" width=\"640\" height=\"853\" class=\"article-image article-image--unbound\" alt=\"Leif Adamsson tillsammans med Ilham Zohir och Elin Eliasson som ocks\u00e5 st\u00e4llde ut p\u00e5 Nicklag\u00e5rden.\" src=\"https:\/\/www.europesays.com\/se\/wp-content\/uploads\/2025\/12\/d0f75e5c-1c39-447d-a693-8153ca82d819.jpeg\"   loading=\"lazy\"\/><a class=\"article__lightbox-link\" href=\"https:\/\/static.bonniernews.se\/ba\/d0f75e5c-1c39-447d-a693-8153ca82d819.jpeg?width=1400&amp;format=pjpg&amp;auto=avif\" data-pswp-width=\"1400\" data-pswp-height=\"1867\" data-pswp-caption=\"Leif Adamsson tillsammans med Ilham Zohir och Elin Eliasson som ocks\u00e5 st\u00e4llde ut p\u00e5 Nicklag\u00e5rden. Bild: Privat\" data-pswp- rel=\"nofollow noopener\" target=\"_blank\">\u00d6ppna bild i helsk\u00e4rmsl\u00e4ge<\/a><\/p>\n<p class=\"txt-style-muted\" aria-hidden=\"true\">Leif Adamsson tillsammans med Ilham Zohir och Elin Eliasson som ocks\u00e5 st\u00e4llde ut p\u00e5 Nicklag\u00e5rden.<\/p>\n<p class=\"article__figcaption-attribution txt-style-muted\">Bild: Privat<\/p>\n","protected":false},"excerpt":{"rendered":"Leif Adamsson, 83, har st\u00e4llt ut i New York och hyllats av internationella konstkritiker. P\u00e5 \u00e5lderns h\u00f6st forts\u00e4tter&hellip;\n","protected":false},"author":2,"featured_media":117258,"comment_status":"","ping_status":"","sticky":false,"template":"","format":"standard","meta":{"footnotes":""},"categories":[67],"tags":[104,34,31,33,32,30,105],"class_list":{"0":"post-117257","1":"post","2":"type-post","3":"status-publish","4":"format-standard","5":"has-post-thumbnail","7":"category-underhallning","8":"tag-entertainment","9":"tag-se","10":"tag-svenska","11":"tag-sverige","12":"tag-sweden","13":"tag-swedish","14":"tag-underhallning"},"share_on_mastodon":{"url":"https:\/\/pubeurope.com\/@se\/115784948532913014","error":""},"_links":{"self":[{"href":"https:\/\/www.europesays.com\/se\/wp-json\/wp\/v2\/posts\/117257","targetHints":{"allow":["GET"]}}],"collection":[{"href":"https:\/\/www.europesays.com\/se\/wp-json\/wp\/v2\/posts"}],"about":[{"href":"https:\/\/www.europesays.com\/se\/wp-json\/wp\/v2\/types\/post"}],"author":[{"embeddable":true,"href":"https:\/\/www.europesays.com\/se\/wp-json\/wp\/v2\/users\/2"}],"replies":[{"embeddable":true,"href":"https:\/\/www.europesays.com\/se\/wp-json\/wp\/v2\/comments?post=117257"}],"version-history":[{"count":0,"href":"https:\/\/www.europesays.com\/se\/wp-json\/wp\/v2\/posts\/117257\/revisions"}],"wp:featuredmedia":[{"embeddable":true,"href":"https:\/\/www.europesays.com\/se\/wp-json\/wp\/v2\/media\/117258"}],"wp:attachment":[{"href":"https:\/\/www.europesays.com\/se\/wp-json\/wp\/v2\/media?parent=117257"}],"wp:term":[{"taxonomy":"category","embeddable":true,"href":"https:\/\/www.europesays.com\/se\/wp-json\/wp\/v2\/categories?post=117257"},{"taxonomy":"post_tag","embeddable":true,"href":"https:\/\/www.europesays.com\/se\/wp-json\/wp\/v2\/tags?post=117257"}],"curies":[{"name":"wp","href":"https:\/\/api.w.org\/{rel}","templated":true}]}}