{"id":117267,"date":"2025-12-26T08:49:07","date_gmt":"2025-12-26T08:49:07","guid":{"rendered":"https:\/\/www.europesays.com\/se\/117267\/"},"modified":"2025-12-26T08:49:07","modified_gmt":"2025-12-26T08:49:07","slug":"en-liten-bit-av-hjarnan-kan-ge-svar-pa-alzheimers-gata","status":"publish","type":"post","link":"https:\/\/www.europesays.com\/se\/117267\/","title":{"rendered":"En liten bit av hj\u00e4rnan kan ge svar p\u00e5 Alzheimers g\u00e5ta"},"content":{"rendered":"<p>Hur man kan stoppa processen<\/p>\n<p>I laboratoriet uts\u00e4tts hj\u00e4rnv\u00e4vnaden f\u00f6r de proteiner som orsakar skador i hj\u00e4rnan hos personer med Alzheimers. Forskarna kan d\u00e5 i realtid se hur nervcellernas kopplingar bryts. Men ocks\u00e5 om det finns s\u00e4tt att stoppa processen. Trots att m\u00e5nga fr\u00e5gor \u00e5terst\u00e5r, \u00e4r optimismen st\u00f6rre \u00e4n tidigare.<\/p>\n<p>\u201dJag har aldrig sett s\u00e5 mycket hopp inom Alzheimersforskningen som nu. Jag \u00e4r verkligen hoppfull om att vi kommer att se verkliga f\u00f6r\u00e4ndringar under min livstid\u201d, s\u00e4ger Claire Durrant.<\/p>\n<p><strong>L\u00e4s mer<\/strong>: <a href=\"https:\/\/www.e55.se\/halsa\/alzheimer-ovantat-manga-i-70-arsaldern-kan-behandlas\/\" rel=\"nofollow noopener\" target=\"_blank\">Alzheimer: Ov\u00e4ntat m\u00e5nga i 70-\u00e5rs\u00e5ldern kan behandlas (E55)<\/a><\/p>\n<p>\u00c4ven nya l\u00e4kemedel bidrar till f\u00f6rsiktig optimism. Preparaten lecanemab och donanemab har visat sig kunna bromsa sjukdomsf\u00f6rloppet, \u00e4ven om effekten hittills varit begr\u00e4nsad och behandlingarna \u00e4nnu inte bekostas av brittiska sjukv\u00e5rden, ber\u00e4ttar tv-kanalen.<\/p>\n<p>Hoppet lever<\/p>\n<p>Professor <strong>Tara Spires-Jones<\/strong> vid University of Edinburgh menar \u00e4nd\u00e5 att forskningen tagit ett avg\u00f6rande steg fram\u00e5t. Hon ser framf\u00f6r sig en framtid d\u00e4r sjukdomen kan bromsas kraftigt, uppt\u00e4ckas tidigare och i b\u00e4sta fall f\u00f6rebyggas helt, enligt BBC.<\/p>\n<p>\u201dI dag lever omkring en miljon m\u00e4nniskor i Storbritannien med n\u00e5gon form av demens, d\u00e4r Alzheimers \u00e4r den vanligaste. \u00c4ven om ett botemedel \u00e4nnu inte finns, ger forskningen i Edinburgh n\u00e5got som l\u00e4nge saknats: ett tydligt och v\u00e4xande hopp\u201d, skriver BBC.<\/p>\n<p>L\u00e4s mer fr\u00e5n E55 &#8211; v\u00e5rt nyhetsbrev \u00e4r kostnadsfritt:Prenumerera<\/p>\n","protected":false},"excerpt":{"rendered":"Hur man kan stoppa processen I laboratoriet uts\u00e4tts hj\u00e4rnv\u00e4vnaden f\u00f6r de proteiner som orsakar skador i hj\u00e4rnan hos&hellip;\n","protected":false},"author":2,"featured_media":117268,"comment_status":"","ping_status":"","sticky":false,"template":"","format":"standard","meta":{"footnotes":""},"categories":[69],"tags":[2100,632,113,112,34,593,31,33,32,30],"class_list":{"0":"post-117267","1":"post","2":"type-post","3":"status-publish","4":"format-standard","5":"has-post-thumbnail","7":"category-halsa","8":"tag-alzheimers-sjukdom","9":"tag-forskning","10":"tag-halsa","11":"tag-health","12":"tag-se","13":"tag-storbritannien","14":"tag-svenska","15":"tag-sverige","16":"tag-sweden","17":"tag-swedish"},"share_on_mastodon":{"url":"https:\/\/pubeurope.com\/@se\/115785011319387467","error":""},"_links":{"self":[{"href":"https:\/\/www.europesays.com\/se\/wp-json\/wp\/v2\/posts\/117267","targetHints":{"allow":["GET"]}}],"collection":[{"href":"https:\/\/www.europesays.com\/se\/wp-json\/wp\/v2\/posts"}],"about":[{"href":"https:\/\/www.europesays.com\/se\/wp-json\/wp\/v2\/types\/post"}],"author":[{"embeddable":true,"href":"https:\/\/www.europesays.com\/se\/wp-json\/wp\/v2\/users\/2"}],"replies":[{"embeddable":true,"href":"https:\/\/www.europesays.com\/se\/wp-json\/wp\/v2\/comments?post=117267"}],"version-history":[{"count":0,"href":"https:\/\/www.europesays.com\/se\/wp-json\/wp\/v2\/posts\/117267\/revisions"}],"wp:featuredmedia":[{"embeddable":true,"href":"https:\/\/www.europesays.com\/se\/wp-json\/wp\/v2\/media\/117268"}],"wp:attachment":[{"href":"https:\/\/www.europesays.com\/se\/wp-json\/wp\/v2\/media?parent=117267"}],"wp:term":[{"taxonomy":"category","embeddable":true,"href":"https:\/\/www.europesays.com\/se\/wp-json\/wp\/v2\/categories?post=117267"},{"taxonomy":"post_tag","embeddable":true,"href":"https:\/\/www.europesays.com\/se\/wp-json\/wp\/v2\/tags?post=117267"}],"curies":[{"name":"wp","href":"https:\/\/api.w.org\/{rel}","templated":true}]}}