{"id":117273,"date":"2025-12-26T08:56:08","date_gmt":"2025-12-26T08:56:08","guid":{"rendered":"https:\/\/www.europesays.com\/se\/117273\/"},"modified":"2025-12-26T08:56:08","modified_gmt":"2025-12-26T08:56:08","slug":"trettiotal-omhandertagna-under-juldagskvallen-i-uppsala","status":"publish","type":"post","link":"https:\/\/www.europesays.com\/se\/117273\/","title":{"rendered":"Trettiotal omh\u00e4ndertagna under juldagskv\u00e4llen i Uppsala"},"content":{"rendered":"<p>St\u00f6ket var utbrett i hela l\u00e4net med flera h\u00e4ndelser i bland annat Tierp och Uppsala. Ett trettiotal personer omh\u00e4ndertogs i Uppsala l\u00e4n, j\u00e4mf\u00f6rt med 15 i V\u00e4ster\u00e5s och 12 i G\u00e4vle.<\/p>\n<p>\u2013 Det har varit v\u00e4ldigt st\u00f6kigt, men det \u00e4r inget ovanligt en s\u00e5n h\u00e4r dag, s\u00e4ger Magnus Jansson Klarin.<\/p>\n<p>P\u00e5 E18 vid Enk\u00f6ping f\u00f6rs\u00f6kte en polispatrull stoppa ett fordon, men f\u00f6raren v\u00e4grade stanna och ett l\u00e4ngre f\u00f6rf\u00f6ljande i h\u00f6g hastighet inleddes. <\/p>\n<p>F\u00f6rare kastade ut narkotika<\/p>\n<p>F\u00f6raren, en man i 30-\u00e5rs\u00e5ldern utan k\u00f6rkort, misst\u00e4nks f\u00f6r grov v\u00e5rdsl\u00f6shet i trafik, grovt rattfylleri, grov olovlig k\u00f6rning, brott mot knivlagen samt f\u00f6r att inte ha stannat p\u00e5 polismans tecken.<\/p>\n<p>F\u00f6raren ska \u00e4ven ha kastat ut f\u00f6rem\u00e5l ur bilen, bland annat narkotikaklassade tabletter, och misst\u00e4nks d\u00e4rf\u00f6r \u00e4ven f\u00f6r narkotikabrott.<\/p>\n","protected":false},"excerpt":{"rendered":"St\u00f6ket var utbrett i hela l\u00e4net med flera h\u00e4ndelser i bland annat Tierp och Uppsala. Ett trettiotal personer&hellip;\n","protected":false},"author":2,"featured_media":793,"comment_status":"","ping_status":"","sticky":false,"template":"","format":"standard","meta":{"footnotes":""},"categories":[5],"tags":[22,23,26,27,17,21,24,25,28,29,15,16,18,34,31,33,32,30,19,20],"class_list":{"0":"post-117273","1":"post","2":"type-post","3":"status-publish","4":"format-standard","5":"has-post-thumbnail","7":"category-rubriker","8":"tag-breaking-news","9":"tag-breakingnews","10":"tag-featured-news","11":"tag-featurednews","12":"tag-headlines","13":"tag-huvudnyheter","14":"tag-latest-news","15":"tag-latestnews","16":"tag-main-news","17":"tag-mainnews","18":"tag-news","19":"tag-nyheter","20":"tag-rubriker","21":"tag-se","22":"tag-svenska","23":"tag-sverige","24":"tag-sweden","25":"tag-swedish","26":"tag-top-stories","27":"tag-topstories"},"share_on_mastodon":{"url":"https:\/\/pubeurope.com\/@se\/115785038785453806","error":""},"_links":{"self":[{"href":"https:\/\/www.europesays.com\/se\/wp-json\/wp\/v2\/posts\/117273","targetHints":{"allow":["GET"]}}],"collection":[{"href":"https:\/\/www.europesays.com\/se\/wp-json\/wp\/v2\/posts"}],"about":[{"href":"https:\/\/www.europesays.com\/se\/wp-json\/wp\/v2\/types\/post"}],"author":[{"embeddable":true,"href":"https:\/\/www.europesays.com\/se\/wp-json\/wp\/v2\/users\/2"}],"replies":[{"embeddable":true,"href":"https:\/\/www.europesays.com\/se\/wp-json\/wp\/v2\/comments?post=117273"}],"version-history":[{"count":0,"href":"https:\/\/www.europesays.com\/se\/wp-json\/wp\/v2\/posts\/117273\/revisions"}],"wp:featuredmedia":[{"embeddable":true,"href":"https:\/\/www.europesays.com\/se\/wp-json\/wp\/v2\/media\/793"}],"wp:attachment":[{"href":"https:\/\/www.europesays.com\/se\/wp-json\/wp\/v2\/media?parent=117273"}],"wp:term":[{"taxonomy":"category","embeddable":true,"href":"https:\/\/www.europesays.com\/se\/wp-json\/wp\/v2\/categories?post=117273"},{"taxonomy":"post_tag","embeddable":true,"href":"https:\/\/www.europesays.com\/se\/wp-json\/wp\/v2\/tags?post=117273"}],"curies":[{"name":"wp","href":"https:\/\/api.w.org\/{rel}","templated":true}]}}