{"id":117276,"date":"2025-12-26T08:59:16","date_gmt":"2025-12-26T08:59:16","guid":{"rendered":"https:\/\/www.europesays.com\/se\/117276\/"},"modified":"2025-12-26T08:59:16","modified_gmt":"2025-12-26T08:59:16","slug":"ville-absolut-inte-prata-om-det","status":"publish","type":"post","link":"https:\/\/www.europesays.com\/se\/117276\/","title":{"rendered":"\u201dVille absolut inte prata om det\u201d"},"content":{"rendered":"<p>Martin \u201dE-Type\u201d Erikson gick in i \u201dStj\u00e4rnorna p\u00e5 slottet\u201d med ett tydligt f\u00f6rbeh\u00e5ll: han ville inte prata om den sv\u00e5ra olyckan i fjol d\u00e4r hans d\u00e5 ett\u00e5riga dotter svalde ett leksaksbatteri och tvingades opereras akut. \u00c4nd\u00e5 blev det till slut just den h\u00e4ndelsen som han ber\u00e4ttar om i den nya s\u00e4songen, skriver TT. <\/p>\n<p>\u2013 Jag ville absolut inte prata om den h\u00e4r hemska olyckan. Jag g\u00e5r s\u00f6nder, blir m\u00f6rk, och tappar all kreativitet av det, s\u00e4ger han till nyhetsbyr\u00e5n. <\/p>\n<p>Martin \u201dE-Type\u201d Erikson beskriver sig sj\u00e4lv som n\u00e5gon med \u201dsvart b\u00e4lte i att inte blicka bak\u00e5t\u201d, men ins\u00e5g under inspelningen att han hade en m\u00f6jlighet att anv\u00e4nda sin historia till att varna f\u00f6r farorna med knappcellsbatterier. <\/p>\n<p>I den nya s\u00e4songen medverkar ocks\u00e5 Sarah Sj\u00f6str\u00f6m, Lasse Kron\u00e9r, Johan Hedenberg och Lotta Engberg. <\/p>\n<p>Omni \u00e4r politiskt obundna och oberoende. Vi str\u00e4var efter att ge fler perspektiv p\u00e5 nyheterna. Har du fr\u00e5gor eller synpunkter kring v\u00e5r rapportering? <a href=\"https:\/\/omni.se\/e-type-om-olyckan-ville-absolut-inte-prata-om-det\/a\/mailto:redaktion@omni.se\" class=\"ArticleActions_contactLink__W2F1M\" rel=\"nofollow noopener\" target=\"_blank\">Kontakta redaktionen<\/a><\/p>\n","protected":false},"excerpt":{"rendered":"Martin \u201dE-Type\u201d Erikson gick in i \u201dStj\u00e4rnorna p\u00e5 slottet\u201d med ett tydligt f\u00f6rbeh\u00e5ll: han ville inte prata om&hellip;\n","protected":false},"author":2,"featured_media":117277,"comment_status":"","ping_status":"","sticky":false,"template":"","format":"standard","meta":{"footnotes":""},"categories":[67],"tags":[12601,104,168,34,12600,31,33,586,32,30,105],"class_list":{"0":"post-117276","1":"post","2":"type-post","3":"status-publish","4":"format-standard","5":"has-post-thumbnail","7":"category-underhallning","8":"tag-e-type-martin-erikson","9":"tag-entertainment","10":"tag-film-tv","11":"tag-se","12":"tag-stjarnorna-pa-slottet","13":"tag-svenska","14":"tag-sverige","15":"tag-svt","16":"tag-sweden","17":"tag-swedish","18":"tag-underhallning"},"share_on_mastodon":{"url":"https:\/\/pubeurope.com\/@se\/115785050553572854","error":""},"_links":{"self":[{"href":"https:\/\/www.europesays.com\/se\/wp-json\/wp\/v2\/posts\/117276","targetHints":{"allow":["GET"]}}],"collection":[{"href":"https:\/\/www.europesays.com\/se\/wp-json\/wp\/v2\/posts"}],"about":[{"href":"https:\/\/www.europesays.com\/se\/wp-json\/wp\/v2\/types\/post"}],"author":[{"embeddable":true,"href":"https:\/\/www.europesays.com\/se\/wp-json\/wp\/v2\/users\/2"}],"replies":[{"embeddable":true,"href":"https:\/\/www.europesays.com\/se\/wp-json\/wp\/v2\/comments?post=117276"}],"version-history":[{"count":0,"href":"https:\/\/www.europesays.com\/se\/wp-json\/wp\/v2\/posts\/117276\/revisions"}],"wp:featuredmedia":[{"embeddable":true,"href":"https:\/\/www.europesays.com\/se\/wp-json\/wp\/v2\/media\/117277"}],"wp:attachment":[{"href":"https:\/\/www.europesays.com\/se\/wp-json\/wp\/v2\/media?parent=117276"}],"wp:term":[{"taxonomy":"category","embeddable":true,"href":"https:\/\/www.europesays.com\/se\/wp-json\/wp\/v2\/categories?post=117276"},{"taxonomy":"post_tag","embeddable":true,"href":"https:\/\/www.europesays.com\/se\/wp-json\/wp\/v2\/tags?post=117276"}],"curies":[{"name":"wp","href":"https:\/\/api.w.org\/{rel}","templated":true}]}}