{"id":117280,"date":"2025-12-26T09:04:09","date_gmt":"2025-12-26T09:04:09","guid":{"rendered":"https:\/\/www.europesays.com\/se\/117280\/"},"modified":"2025-12-26T09:04:09","modified_gmt":"2025-12-26T09:04:09","slug":"vadervarningar-stoppar-fullbokade-tag-2","status":"publish","type":"post","link":"https:\/\/www.europesays.com\/se\/117280\/","title":{"rendered":"V\u00e4dervarningar stoppar fullbokade t\u00e5g"},"content":{"rendered":"<p><strong>SMHI har utf\u00e4rdat<\/strong> en orange varning f\u00f6r vind i kombination med sn\u00f6 i fj\u00e4lltrakterna i J\u00e4mtlands, Dalarna, Norrbotten och V\u00e4sterbottens l\u00e4n.<\/p>\n<p>P\u00e5 grund av varningen har Trafikverket beslutat att stoppa t\u00e5gtrafiken mellan Br\u00e4cke och Storlien \u2013 vilket bland annat drabbar resen\u00e4rer till \u00c5re.\u00a0<\/p>\n<p>\u201dVi har ett natt\u00e5g mellan Stockholm och Duved som redan nu st\u00e4llts in\u201d, s\u00e4ger SJ:s presskommunikat\u00f6r Leila Fogelholm.\u00a0<\/p>\n<p><strong>Ytterligare sex, <\/strong>fullbokade t\u00e5g, p\u00e5 samma str\u00e4cka kan komma att st\u00e4llas in under l\u00f6rdagen.\u00a0<\/p>\n<p>\u201dJust nu inv\u00e4ntar vi besked f\u00f6r hur vi hanterar l\u00f6rdagens t\u00e5g\u201d, s\u00e4ger Fogelholm. \u00a0<\/p>\n<p>Om resen\u00e4rerna kan bokas om till ers\u00e4ttningsbussar \u00e4r i nul\u00e4get oklart.\u00a0<\/p>\n<p>\u201dDet beslutet kommer vi fatta under dagen, beroende p\u00e5 v\u00e4derleken.\u201d<\/p>\n","protected":false},"excerpt":{"rendered":"SMHI har utf\u00e4rdat en orange varning f\u00f6r vind i kombination med sn\u00f6 i fj\u00e4lltrakterna i J\u00e4mtlands, Dalarna, Norrbotten&hellip;\n","protected":false},"author":2,"featured_media":117281,"comment_status":"","ping_status":"","sticky":false,"template":"","format":"standard","meta":{"footnotes":""},"categories":[5],"tags":[22,23,26,27,17,21,24,25,28,29,15,16,18,34,31,33,32,30,19,20],"class_list":{"0":"post-117280","1":"post","2":"type-post","3":"status-publish","4":"format-standard","5":"has-post-thumbnail","7":"category-rubriker","8":"tag-breaking-news","9":"tag-breakingnews","10":"tag-featured-news","11":"tag-featurednews","12":"tag-headlines","13":"tag-huvudnyheter","14":"tag-latest-news","15":"tag-latestnews","16":"tag-main-news","17":"tag-mainnews","18":"tag-news","19":"tag-nyheter","20":"tag-rubriker","21":"tag-se","22":"tag-svenska","23":"tag-sverige","24":"tag-sweden","25":"tag-swedish","26":"tag-top-stories","27":"tag-topstories"},"share_on_mastodon":{"url":"https:\/\/pubeurope.com\/@se\/115785070241261853","error":""},"_links":{"self":[{"href":"https:\/\/www.europesays.com\/se\/wp-json\/wp\/v2\/posts\/117280","targetHints":{"allow":["GET"]}}],"collection":[{"href":"https:\/\/www.europesays.com\/se\/wp-json\/wp\/v2\/posts"}],"about":[{"href":"https:\/\/www.europesays.com\/se\/wp-json\/wp\/v2\/types\/post"}],"author":[{"embeddable":true,"href":"https:\/\/www.europesays.com\/se\/wp-json\/wp\/v2\/users\/2"}],"replies":[{"embeddable":true,"href":"https:\/\/www.europesays.com\/se\/wp-json\/wp\/v2\/comments?post=117280"}],"version-history":[{"count":0,"href":"https:\/\/www.europesays.com\/se\/wp-json\/wp\/v2\/posts\/117280\/revisions"}],"wp:featuredmedia":[{"embeddable":true,"href":"https:\/\/www.europesays.com\/se\/wp-json\/wp\/v2\/media\/117281"}],"wp:attachment":[{"href":"https:\/\/www.europesays.com\/se\/wp-json\/wp\/v2\/media?parent=117280"}],"wp:term":[{"taxonomy":"category","embeddable":true,"href":"https:\/\/www.europesays.com\/se\/wp-json\/wp\/v2\/categories?post=117280"},{"taxonomy":"post_tag","embeddable":true,"href":"https:\/\/www.europesays.com\/se\/wp-json\/wp\/v2\/tags?post=117280"}],"curies":[{"name":"wp","href":"https:\/\/api.w.org\/{rel}","templated":true}]}}