{"id":117287,"date":"2025-12-26T09:12:13","date_gmt":"2025-12-26T09:12:13","guid":{"rendered":"https:\/\/www.europesays.com\/se\/117287\/"},"modified":"2025-12-26T09:12:13","modified_gmt":"2025-12-26T09:12:13","slug":"sa-var-stokiga-juldagsnatten-hos-dig-minut-for-minut","status":"publish","type":"post","link":"https:\/\/www.europesays.com\/se\/117287\/","title":{"rendered":"S\u00e5 var st\u00f6kiga juldagsnatten hos dig \u2013 minut f\u00f6r minut"},"content":{"rendered":"<p>St\u00f6kig juldagsnatt runtom i landet<img decoding=\"async\" class=\"image-asset hyperion-css-n6kkq1\" data-test-tag=\"image-asset\" src=\"https:\/\/www.europesays.com\/se\/wp-content\/uploads\/2025\/12\/163557a1-4fdd-4cea-8c9d-ae07061ff183\"  alt=\"\"  loading=\"lazy\" fetchpriority=\"auto\" style=\"aspect-ratio:1900 \/ 1900\"\/><img decoding=\"async\" class=\"image-asset hyperion-css-n6kkq1\" data-test-tag=\"image-asset\" src=\"https:\/\/www.europesays.com\/se\/wp-content\/uploads\/2025\/12\/1766740333_877_45ab1c47-658b-4c7d-bfe6-463d085cb721\"  alt=\"\"  loading=\"lazy\" fetchpriority=\"auto\" style=\"aspect-ratio:1900 \/ 1900\"\/><\/p>\n<p class=\"boxtextgrotesk-root_baa6 hyperion-css-7pajle\">Uppdaterad 09.29 | Publicerad 08.22<\/p>\n<p>share-arrowDela<\/p>\n<p>unsaveSpara<\/p>\n<p>expand-left<\/p>\n<p>helsk\u00e4rm<img decoding=\"async\" class=\"image-asset hyperion-css-u06ts1\" data-test-tag=\"image-asset\" src=\"https:\/\/www.europesays.com\/se\/wp-content\/uploads\/2025\/12\/494bff5f-a722-4399-938a-dbdd27e329d8\"  alt=\"Arkivbild.\"  loading=\"eager\" fetchpriority=\"high\" style=\"aspect-ratio:1900 \/ 1284\"\/>Arkivbild. Foto: TT<\/p>\n<p class=\"hyperion-css-1shl3oz\" data-test-tag=\"lead-text\">Ok\u00e4nda g\u00e4rningspersoner sk\u00f6t fyrverkerier fr\u00e5n en bil under f\u00e4rd i V\u00e4ster\u00e5s.<\/p>\n<p class=\"hyperion-css-1shl3oz\" data-test-tag=\"lead-text\">Mot b\u00e5de personer och en livsmedelsbutik.<\/p>\n<p class=\"hyperion-css-1shl3oz\" data-test-tag=\"lead-text\">Under morgonen var ingen misst\u00e4nkt hittad.<\/p>\n<ul class=\"hyperion-css-e9gx76\" data-test-tag=\"list\">\n<li class=\"hyperion-css-1d843yr\">Under juldagsnatten rapporterades flera incidenter i V\u00e4ster\u00e5s d\u00e4r ok\u00e4nda g\u00e4rningspersoner sk\u00f6t fyrverkerier fr\u00e5n en bil mot m\u00e4nniskor och en butik, men ingen misst\u00e4nkt har hittats.<\/li>\n<li class=\"hyperion-css-1d843yr\">St\u00f6kiga h\u00e4ndelser rapporterades \u00e4ven i Stenungsund och G\u00e4llivare d\u00e4r fyrverkerier sk\u00f6ts mot fastigheter och en l\u00e4genhet, vilket ledde till flera polisingripanden.<\/li>\n<li class=\"hyperion-css-1d843yr\">Uppsala och Hudiksvall s\u00e5g br\u00e5k i krogmilj\u00f6er, d\u00e4r flera personer greps f\u00f6r misshandel och fylleri.<\/li>\n<\/ul>\n<p>L\u00e4s mer<\/p>\n<p class=\"hyperion-css-1v9qo5x\">Lagom till juldagsnatten var helgfriden slut p\u00e5 m\u00e5nga h\u00e5ll i landet.<\/p>\n<p class=\"hyperion-css-1v9qo5x\">Misshandel, narkotikabrott och st\u00f6k rapporteras fr\u00e5n polisen under annandagens morgon.<\/p>\n<p class=\"hyperion-css-1v9qo5x\"><strong>Juldagsnatten \u2013 minut f\u00f6r minut:<\/strong><\/p>\n<ul class=\"hyperion-css-e9gx76\" data-test-tag=\"list\">\n<li class=\"hyperion-css-1d843yr\"><strong>21.06, Stenungsund: <\/strong>Fyra pojkar i 15-\u00e5rs\u00e5ldern sk\u00f6t raketer mot en aff\u00e4rsfastighet vid 21-tiden p\u00e5 juldagskv\u00e4llen. Polisen larmades av allm\u00e4nheten som blev vittnen. De fyra ynglingarna misst\u00e4nks nu f\u00f6r brott mot ordningslagen och v\u00e5rdnadshavare kontaktades under kv\u00e4llen av polisen.<\/li>\n<li class=\"hyperion-css-1d843yr\"><strong>22.11, Sandviken: <\/strong>Polisen uppr\u00e4ttade juldagskv\u00e4llen en anm\u00e4lan om ofredande \u2013 efter att en kvinna anm\u00e4lt en nattklubb f\u00f6r att ha spelat f\u00f6r h\u00f6g musik. Kvinna ska enligt polisen vara boende i samma hus som nattklubben.<\/li>\n<li class=\"hyperion-css-1d843yr\"><strong>22.22, Sundsvall:<\/strong><strong> <\/strong>P\u00e5 en restaurang i centrala Sundsvall ska en man ha slagit tv\u00e5 andra med ett tillhygge. En av m\u00e4nnen ska ha ocks\u00e5 ha f\u00e5tt sin telefon kastad i marken av en kvinna. Mannen misst\u00e4nks nu f\u00f6r tv\u00e5 fall av grov misshandel och grovt brott mot knivlagen. Kvinnan misst\u00e4nks f\u00f6r skadeg\u00f6relse.<\/li>\n<li class=\"hyperion-css-1d843yr\"><strong>22.36, Kumla: <\/strong>P\u00e5 ett t\u00e5g i Kumla beter sig en biljettl\u00f6s man illa och v\u00e4grar kliva av. N\u00e4r polispatrull kommit till platsen uppstod misstankar om narkotikabrott.<\/li>\n<li class=\"hyperion-css-1d843yr\"><strong>23.23, Storhogna:<\/strong> En hotfull man slog s\u00f6nder d\u00f6rren till en stuga d\u00e4r han befann sig med en kvinna och polis larmades till platsen. Mannen misst\u00e4nks nu f\u00f6r olaga hot och skadeg\u00f6relse.<\/li>\n<li class=\"hyperion-css-1d843yr\"><strong>00.43, Hudiksvall:<\/strong> En man i 20-\u00e5rs\u00e5ldern misst\u00e4nks f\u00f6r tv\u00e5 fall av misshandel efter ett br\u00e5k utanf\u00f6r ett hotell i centrum. Tv\u00e5 personer har d\u00e5 kontaktat polisen om att de blivit misshandlade av den unge mannen.<\/li>\n<li class=\"hyperion-css-1d843yr\"><strong>00.55, \u00d6stersund:<\/strong> P\u00e5 ett hotell slog en kvinna till en ordningsvakt och misst\u00e4nks nu f\u00f6r v\u00e5ld mot tj\u00e4nsteman. Kvinnan omh\u00e4ndertogs ocks\u00e5 enligt lagen om omh\u00e4ndertagande av berusade.<\/li>\n<li class=\"hyperion-css-1d843yr\"><strong>01.33, \u00d6rebro: <\/strong>En man blir slagen i huvudet av en annan man p\u00e5 en nattklubb. Den skadade f\u00f6rs till sjukhus men det finns inga uppgifter om n\u00e5gon misst\u00e4nkt g\u00e4rningsman.<\/li>\n<li class=\"hyperion-css-1d843yr\"><strong>02.11, Karlstad: <\/strong>En man som misst\u00e4nks f\u00f6r narkotikabrott g\u00f6r v\u00e5ldsamt motst\u00e5nd vid omh\u00e4ndertagandet och \u00e4r numera misst\u00e4nkt f\u00f6r s\u00e5v\u00e4l det v\u00e5ldsamma motst\u00e5ndet som narkotikabrottet.<\/li>\n<li class=\"hyperion-css-1d843yr\"><strong>02.17. Uppsala: <\/strong>Personal p\u00e5 en nattklubb slog larm om att flera personer hade hamnat i br\u00e5k utanf\u00f6r klubben. En man i 20-\u00e5rs\u00e5ldern \u00e4r nu misst\u00e4nkt f\u00f6r misshandel efter att ha slagit en man.<\/li>\n<li class=\"hyperion-css-1d843yr\"><strong>02.23, Kramfors:<\/strong> Utanf\u00f6r ett hotell i staden hamnade tv\u00e5 m\u00e4n i br\u00e5k under natten och nu misst\u00e4nks en av dem f\u00f6r misshandel. Ingen ska beh\u00f6vt upps\u00f6ka v\u00e5rd.<\/li>\n<li class=\"hyperion-css-1d843yr\"><strong>02.26, Uppsala:<\/strong> En ordningsvakt larmade om ett br\u00e5k p\u00e5 Stora torget i staden mellan flera personer. En man 20-\u00e5rs\u00e5ldern misst\u00e4nks nu f\u00f6r misshandel samtidigt som en man i 45-\u00e5rs\u00e5ldern och en kvinna i 25-\u00e5rs\u00e5ldern omh\u00e4ndertogs enligt lagen om omh\u00e4ndertagande av berusade personer.<\/li>\n<li class=\"hyperion-css-1d843yr\"><strong>02.26, V\u00e4ster\u00e5s:<\/strong> Fr\u00e5n Kopparlunden i V\u00e4ster\u00e5s fick polisen in flera samtal vid 00.26 om att personer i en bil k\u00f6rde v\u00e5rdsl\u00f6st och samtidigt sk\u00f6t fyrverkerier mot b\u00e5de personer och en livsmedelsbutik. Polisen \u00e5kte dit f\u00f6r att hitta personerna i bilen \u2013 men lyckades inte.<\/li>\n<li class=\"hyperion-css-1d843yr\"><strong>02.36, G\u00e4llivare:<\/strong> Polis larmades om att \u201dn\u00e5gon\u201d sk\u00f6t fyrverkerier fr\u00e5n en balkong och pj\u00e4serna ska bland annat ha krossat en f\u00f6nsterruta i omr\u00e5det. I bostaden tr\u00e4ffade polis p\u00e5 en man och en kvinna som nu misst\u00e4nks f\u00f6r skadeg\u00f6relse.<\/li>\n<li class=\"hyperion-css-1d843yr\"><strong>02.52, V\u00e4ster\u00e5s:<\/strong> I centrala V\u00e4ster\u00e5s larmas polis till en bil d\u00e4r en kvinnan v\u00e4grar kliva ur. Polispatrullen fattade d\u00e5 misstankar om att kvinnan var narkotikap\u00e5verkad och medtog henne f\u00f6r kroppsbesiktning. Kvinnan i 20-\u00e5rs\u00e5ldern misst\u00e4nk nu f\u00f6r narkotikabrott, eget bruk.<\/li>\n<li class=\"hyperion-css-1d843yr\"><strong>03.00, G\u00f6teborg:<\/strong> F\u00f6rbipasserande larmar polis efter att ha sett en man bli misshandlad av tv\u00e5 personer vid h\u00e5llplats Bj\u00f6rsared. En man i 25-\u00e5rs\u00e5ldern hittas skadad och f\u00f6rs till sjukhus. Ingen misst\u00e4nkt har hittats under natten.<\/li>\n<li class=\"hyperion-css-1d843yr\"><strong>04.18, Stockholm:<\/strong> En man i 20-\u00e5rs\u00e5ldern misshandlas av ett flertal j\u00e4mn\u00e5riga vid Humleg\u00e5rden p\u00e5 \u00d6stermalm i centrala Stockholm. Med hj\u00e4lp av vittnen och \u00f6vervakningskameror hittas under morgonen tre misst\u00e4nkta m\u00e4n som nu misst\u00e4nks f\u00f6r grov misshandel.<\/li>\n<li class=\"hyperion-css-1d843yr\"><strong>04.25, Pite\u00e5: <\/strong>En man ska agera hotfullt mot tv\u00e5 kvinnor utomhus och \u00e4r h\u00f6gljudd mot dem. Polispatrullen som \u00e5kte p\u00e5 larmet hittade en man som nu misst\u00e4nks f\u00f6r olaga hot.<\/li>\n<\/ul>\n","protected":false},"excerpt":{"rendered":"St\u00f6kig juldagsnatt runtom i landet Uppdaterad 09.29 | Publicerad 08.22 share-arrowDela unsaveSpara expand-left helsk\u00e4rmArkivbild. Foto: TT Ok\u00e4nda g\u00e4rningspersoner&hellip;\n","protected":false},"author":2,"featured_media":117288,"comment_status":"","ping_status":"","sticky":false,"template":"","format":"standard","meta":{"footnotes":""},"categories":[5],"tags":[22,23,26,27,17,21,24,25,28,29,15,16,18,34,31,33,32,30,19,20],"class_list":{"0":"post-117287","1":"post","2":"type-post","3":"status-publish","4":"format-standard","5":"has-post-thumbnail","7":"category-rubriker","8":"tag-breaking-news","9":"tag-breakingnews","10":"tag-featured-news","11":"tag-featurednews","12":"tag-headlines","13":"tag-huvudnyheter","14":"tag-latest-news","15":"tag-latestnews","16":"tag-main-news","17":"tag-mainnews","18":"tag-news","19":"tag-nyheter","20":"tag-rubriker","21":"tag-se","22":"tag-svenska","23":"tag-sverige","24":"tag-sweden","25":"tag-swedish","26":"tag-top-stories","27":"tag-topstories"},"share_on_mastodon":{"url":"https:\/\/pubeurope.com\/@se\/115785101848213273","error":""},"_links":{"self":[{"href":"https:\/\/www.europesays.com\/se\/wp-json\/wp\/v2\/posts\/117287","targetHints":{"allow":["GET"]}}],"collection":[{"href":"https:\/\/www.europesays.com\/se\/wp-json\/wp\/v2\/posts"}],"about":[{"href":"https:\/\/www.europesays.com\/se\/wp-json\/wp\/v2\/types\/post"}],"author":[{"embeddable":true,"href":"https:\/\/www.europesays.com\/se\/wp-json\/wp\/v2\/users\/2"}],"replies":[{"embeddable":true,"href":"https:\/\/www.europesays.com\/se\/wp-json\/wp\/v2\/comments?post=117287"}],"version-history":[{"count":0,"href":"https:\/\/www.europesays.com\/se\/wp-json\/wp\/v2\/posts\/117287\/revisions"}],"wp:featuredmedia":[{"embeddable":true,"href":"https:\/\/www.europesays.com\/se\/wp-json\/wp\/v2\/media\/117288"}],"wp:attachment":[{"href":"https:\/\/www.europesays.com\/se\/wp-json\/wp\/v2\/media?parent=117287"}],"wp:term":[{"taxonomy":"category","embeddable":true,"href":"https:\/\/www.europesays.com\/se\/wp-json\/wp\/v2\/categories?post=117287"},{"taxonomy":"post_tag","embeddable":true,"href":"https:\/\/www.europesays.com\/se\/wp-json\/wp\/v2\/tags?post=117287"}],"curies":[{"name":"wp","href":"https:\/\/api.w.org\/{rel}","templated":true}]}}