{"id":117295,"date":"2025-12-26T09:21:10","date_gmt":"2025-12-26T09:21:10","guid":{"rendered":"https:\/\/www.europesays.com\/se\/117295\/"},"modified":"2025-12-26T09:21:10","modified_gmt":"2025-12-26T09:21:10","slug":"bildextra-festglad-stamning-under-hemvandarkvallen-se-om-du-fastnat-nwt","status":"publish","type":"post","link":"https:\/\/www.europesays.com\/se\/117295\/","title":{"rendered":"BILDEXTRA: Festglad st\u00e4mning under hemv\u00e4ndarkv\u00e4llen \u2013 se om du fastnat &#8211; NWT"},"content":{"rendered":"<ol>\n<li><a href=\"https:\/\/news.google.com\/rss\/articles\/CBMimgFBVV95cUxQZHM1TGpfSzlTcVRlb0VGcnlmdkNGY1A2YkVLQ19DbkoxdDVjMFNGRHZxbFFjV2loR3dnLVRfVE9qZVBCWi0xOVJ4dnRiaVNZTlpIM2ZSV3p0M1dScUNHRGtCTXZmVllYWHVxVTJ0MUh0b2xCWXpuVnFBZVBqdGhGSDJ3ZW03QXFPU18wcFBObjg0ck9tenlWby1n?oc=5\" target=\"_blank\" rel=\"nofollow noopener\">BILDEXTRA: Festglad st\u00e4mning under hemv\u00e4ndarkv\u00e4llen \u2013 se om du fastnat<\/a>&nbsp;&nbsp;NWT<\/li>\n<li><a href=\"https:\/\/news.google.com\/rss\/articles\/CBMidkFVX3lxTE8xWEpvam5mNDdVN1pVLUE1aGQtVlpsMy1JM1F4TVJrNC1Hc3EtY2FNMzhtTi01dERhalNPXzRjTHNMdG1SM081QUs1NUF4U3dyQ2VtcmxUWVV4bjJ3aXJ3dzhtaHRVQk1uZk9oUTF4SHBncHd2U2c?oc=5\" target=\"_blank\" rel=\"nofollow noopener\">Direkt fr\u00e5n den stora hemv\u00e4ndarfesten<\/a>&nbsp;&nbsp;Nerikes Allehanda<\/li>\n<li><a href=\"https:\/\/news.google.com\/rss\/articles\/CBMimwFBVV95cUxPOGQtYmluaDJ2SlZjUUhjV3FJVlB4Tmd4QzNjNVNmY1cwdjJFRVluNDlZN252LU10NlRsZUJFS3Flc0k3SlA0eWZhMlpGcHJHX01TdmxyVUxWRDV1c0pDRFNxOHlvaExGTWE1MFdzMnduN20tWEJsUnc1MFVYeFh2V3ZzTkZId09nWVY0X0JQY1d3LTIyZE04UjhzZw?oc=5\" target=\"_blank\" rel=\"nofollow noopener\">Williams chock: &#8221;K\u00e4nns k\u00f6rt att komma in n\u00e5gonstans&#8221;<\/a>&nbsp;&nbsp;Ekuriren<\/li>\n<li><a href=\"https:\/\/news.google.com\/rss\/articles\/CBMivgFBVV95cUxPaF9oNXVVV3Z0ajZkUGxWMEpDZEJBdkJKNlpBcWJlY3J4Z05Fa2YyU0VKNWsxYUFId2lQQ2xvMmVsZ2FRa3RvS2JDck9CSkhoUnBfbFlEXzlpVVlNZGcwdVloUi1jNlRKNnlZNkhKbVoyc1JkQ3FQUjBqYmtsbFZnVXBkTU4zNXBEWFNPc3JPMU9jMkNWN1U4eWRuX3dxd3A0T3BlUGxPR3BZWDNka2ozYk1rblF2UmtUVmZQeUpn?oc=5\" target=\"_blank\" rel=\"nofollow noopener\">Stort bildvimmel: Juldagen \u2013 m\u00e5nga k\u00e4ra \u00e5terseenden p\u00e5 utekv\u00e4llen<\/a>&nbsp;&nbsp;NSD<\/li>\n<li><a href=\"https:\/\/news.google.com\/rss\/articles\/CBMipgFBVV95cUxQRnhHRjVrUEp4U0Y5SFlPbHdXeDJYWVJLS1I1ODlIOTFxUmU0Y1FWWjlGMThhek9pXzJrbG0tWDhfaEZDWU4zQTdVTTBMQmdodDF1emRPMVl4VUE1cnRGNHZ2N29UUHdza0NlemxoNUFXclBrYjY4U3p6RVp6US1VVzJPMVpRcW83QTJ4SExlNFRKd3RSYmpxUTlJQ2hBRW1pOTZzUTRR?oc=5\" target=\"_blank\" rel=\"nofollow noopener\">God forts\u00e4ttning p\u00e5 julen \u2013 h\u00e4r festar du ikv\u00e4ll och i helgen<\/a>&nbsp;&nbsp;QX.se<\/li>\n<\/ol>\n","protected":false},"excerpt":{"rendered":"BILDEXTRA: Festglad st\u00e4mning under hemv\u00e4ndarkv\u00e4llen \u2013 se om du fastnat&nbsp;&nbsp;NWT Direkt fr\u00e5n den stora hemv\u00e4ndarfesten&nbsp;&nbsp;Nerikes Allehanda Williams chock:&hellip;\n","protected":false},"author":2,"featured_media":117296,"comment_status":"","ping_status":"","sticky":false,"template":"","format":"standard","meta":{"footnotes":""},"categories":[5],"tags":[22,23,26,27,17,21,24,25,28,29,15,16,18,34,31,33,32,30,19,20],"class_list":{"0":"post-117295","1":"post","2":"type-post","3":"status-publish","4":"format-standard","5":"has-post-thumbnail","7":"category-rubriker","8":"tag-breaking-news","9":"tag-breakingnews","10":"tag-featured-news","11":"tag-featurednews","12":"tag-headlines","13":"tag-huvudnyheter","14":"tag-latest-news","15":"tag-latestnews","16":"tag-main-news","17":"tag-mainnews","18":"tag-news","19":"tag-nyheter","20":"tag-rubriker","21":"tag-se","22":"tag-svenska","23":"tag-sverige","24":"tag-sweden","25":"tag-swedish","26":"tag-top-stories","27":"tag-topstories"},"share_on_mastodon":{"url":"https:\/\/pubeurope.com\/@se\/115785137112912167","error":""},"_links":{"self":[{"href":"https:\/\/www.europesays.com\/se\/wp-json\/wp\/v2\/posts\/117295","targetHints":{"allow":["GET"]}}],"collection":[{"href":"https:\/\/www.europesays.com\/se\/wp-json\/wp\/v2\/posts"}],"about":[{"href":"https:\/\/www.europesays.com\/se\/wp-json\/wp\/v2\/types\/post"}],"author":[{"embeddable":true,"href":"https:\/\/www.europesays.com\/se\/wp-json\/wp\/v2\/users\/2"}],"replies":[{"embeddable":true,"href":"https:\/\/www.europesays.com\/se\/wp-json\/wp\/v2\/comments?post=117295"}],"version-history":[{"count":0,"href":"https:\/\/www.europesays.com\/se\/wp-json\/wp\/v2\/posts\/117295\/revisions"}],"wp:featuredmedia":[{"embeddable":true,"href":"https:\/\/www.europesays.com\/se\/wp-json\/wp\/v2\/media\/117296"}],"wp:attachment":[{"href":"https:\/\/www.europesays.com\/se\/wp-json\/wp\/v2\/media?parent=117295"}],"wp:term":[{"taxonomy":"category","embeddable":true,"href":"https:\/\/www.europesays.com\/se\/wp-json\/wp\/v2\/categories?post=117295"},{"taxonomy":"post_tag","embeddable":true,"href":"https:\/\/www.europesays.com\/se\/wp-json\/wp\/v2\/tags?post=117295"}],"curies":[{"name":"wp","href":"https:\/\/api.w.org\/{rel}","templated":true}]}}