{"id":117299,"date":"2025-12-26T09:28:56","date_gmt":"2025-12-26T09:28:56","guid":{"rendered":"https:\/\/www.europesays.com\/se\/117299\/"},"modified":"2025-12-26T09:28:56","modified_gmt":"2025-12-26T09:28:56","slug":"elnatsavgifterna-rusar-forskare-pekar-ut-huvudproblemet","status":"publish","type":"post","link":"https:\/\/www.europesays.com\/se\/117299\/","title":{"rendered":"Eln\u00e4tsavgifterna rusar \u2013 forskare pekar ut huvudproblemet"},"content":{"rendered":"<p>Eln\u00e4tsavgifterna har stigit snabbare \u00e4n p\u00e5 \u00f6ver 30 \u00e5r. Under \u00e5ret har kostnaden i genomsnitt \u00f6kat med runt 11 procent, enligt Nils Holgersson-gruppen. Det har lett till politiska utspel, kritik mot eln\u00e4tsbolagen och krav p\u00e5 \u00e5tg\u00e4rder. Men enligt forskaren <strong>Erik Lundin<\/strong>, vid Institutet f\u00f6r N\u00e4ringslivsforskning, \u00e4r problemen betydligt mer grundl\u00e4ggande \u00e4n s\u00e5.<\/p>\n<p>Han betonar att eln\u00e4tsmarknaden per definition \u00e4r ett monopol och att priserna d\u00e4rf\u00f6r m\u00e5ste styras av staten. <\/p>\n<p>\u201cAnnars kan eln\u00e4tsbolagen s\u00e4tta priser som vida \u00f6verstiger deras kostnader och tj\u00e4na v\u00e4ldigt mycket pengar, s\u00e4ger han till <a href=\"https:\/\/www.tn.se\/hallbarhet\/45787\/forskaren-om-elnatskaoset-darfor-skjuter-avgifterna-i-hojden\/\" rel=\"nofollow noopener\" target=\"_blank\">Tidningen N\u00e4ringslivet<\/a>. <\/p>\n<p>\u201cMen det finns ingen som gjort n\u00e5got olagligt. Det \u00e4r viktigt att komma ih\u00e5g att det finns ingen anledning f\u00f6r n\u00e5gon minister eller n\u00e5gon annan politiker att s\u00e4ga att det \u00e4r n\u00e5got olagligt som skett. Det som har h\u00e4nt \u00e4r att eln\u00e4tsbolagen f\u00f6ljer de int\u00e4ktsramarna som sattes av Energimarknadsinspektionen inf\u00f6r den nuvarande perioden f\u00f6r int\u00e4ktsramar\u201d, forts\u00e4tter han.<\/p>\n<p>Regelverket gynnar eln\u00e4tsbolagen <\/p>\n<p>Just int\u00e4ktsramarna, det tak som s\u00e4tter gr\u00e4nsen f\u00f6r hur mycket bolagen f\u00e5r ta ut under en fyra\u00e5rsperiod, st\u00e5r i centrum f\u00f6r debatten. Erik Lundin menar att regelverket under l\u00e5ng tid har gynnat eln\u00e4tsbolagen genom att anl\u00e4ggningarnas v\u00e4rde r\u00e4knats upp med byggkostnadsindex, som \u00f6kat klart mer \u00e4n inflationen. <\/p>\n<p>Det har lett till att bolagen kunnat ta ut h\u00f6gre avgifter \u00e4n vad kostnaderna egentligen motiverar. Han beskriver skillnaden konkret: en anl\u00e4ggning som kostade 100 kronor 1995 \u00e4r i dag v\u00e4rd 170 kronor om man r\u00e4knar med inflation \u2013 men 270 kronor med byggkostnadsindex. Att priserna stiger nu \u00e4r d\u00e4rf\u00f6r ingen \u00f6verraskning, enligt Erik Lundin. Han menar att kritiken mot f\u00f6retagen dessutom kommer f\u00f6r sent. <\/p>\n<p>\u201dAlla, f\u00f6rutom m\u00f6jligtvis energiministern, visste om att det h\u00e4r skulle ske\u201d, s\u00e4ger han. <\/p>\n<p>Samtidigt pekar han p\u00e5 att staten har det yttersta ansvaret f\u00f6r en fungerande reglering.<\/p>\n<p><img loading=\"lazy\" decoding=\"async\" width=\"1024\" height=\"576\" src=\"https:\/\/www.europesays.com\/se\/wp-content\/uploads\/2025\/12\/Ebba-Busch-1024x576.jpg\" alt=\"\" class=\"wp-image-1166240\"  \/>Energiminister Ebba Busch (KD) riktar skarp kritik mot eln\u00e4tsbolagen och h\u00e4vdar att de tar ut f\u00f6r h\u00f6ga avgifter. (Foto: Christine Olsson\/TT)<\/p>\n","protected":false},"excerpt":{"rendered":"Eln\u00e4tsavgifterna har stigit snabbare \u00e4n p\u00e5 \u00f6ver 30 \u00e5r. Under \u00e5ret har kostnaden i genomsnitt \u00f6kat med runt&hellip;\n","protected":false},"author":2,"featured_media":117300,"comment_status":"","ping_status":"","sticky":false,"template":"","format":"standard","meta":{"footnotes":""},"categories":[65],"tags":[4408,72,1106,70,71,12603,2302,10620,34,31,33,32,30],"class_list":{"0":"post-117299","1":"post","2":"type-post","3":"status-publish","4":"format-standard","5":"has-post-thumbnail","7":"category-ekonomi","8":"tag-avgifter","9":"tag-business","10":"tag-ebba-busch","11":"tag-economy","12":"tag-ekonomi","13":"tag-elnatsavgifter","14":"tag-elpriser","15":"tag-energimarknadsinspektionen","16":"tag-se","17":"tag-svenska","18":"tag-sverige","19":"tag-sweden","20":"tag-swedish"},"share_on_mastodon":{"url":"https:\/\/pubeurope.com\/@se\/115785168894326337","error":""},"_links":{"self":[{"href":"https:\/\/www.europesays.com\/se\/wp-json\/wp\/v2\/posts\/117299","targetHints":{"allow":["GET"]}}],"collection":[{"href":"https:\/\/www.europesays.com\/se\/wp-json\/wp\/v2\/posts"}],"about":[{"href":"https:\/\/www.europesays.com\/se\/wp-json\/wp\/v2\/types\/post"}],"author":[{"embeddable":true,"href":"https:\/\/www.europesays.com\/se\/wp-json\/wp\/v2\/users\/2"}],"replies":[{"embeddable":true,"href":"https:\/\/www.europesays.com\/se\/wp-json\/wp\/v2\/comments?post=117299"}],"version-history":[{"count":0,"href":"https:\/\/www.europesays.com\/se\/wp-json\/wp\/v2\/posts\/117299\/revisions"}],"wp:featuredmedia":[{"embeddable":true,"href":"https:\/\/www.europesays.com\/se\/wp-json\/wp\/v2\/media\/117300"}],"wp:attachment":[{"href":"https:\/\/www.europesays.com\/se\/wp-json\/wp\/v2\/media?parent=117299"}],"wp:term":[{"taxonomy":"category","embeddable":true,"href":"https:\/\/www.europesays.com\/se\/wp-json\/wp\/v2\/categories?post=117299"},{"taxonomy":"post_tag","embeddable":true,"href":"https:\/\/www.europesays.com\/se\/wp-json\/wp\/v2\/tags?post=117299"}],"curies":[{"name":"wp","href":"https:\/\/api.w.org\/{rel}","templated":true}]}}