{"id":117305,"date":"2025-12-26T09:33:09","date_gmt":"2025-12-26T09:33:09","guid":{"rendered":"https:\/\/www.europesays.com\/se\/117305\/"},"modified":"2025-12-26T09:33:09","modified_gmt":"2025-12-26T09:33:09","slug":"johan-forsbergs-nya-liv-debuterar-i-landslaget-efter-ovantade-karriarsvalet-hockey","status":"publish","type":"post","link":"https:\/\/www.europesays.com\/se\/117305\/","title":{"rendered":"Johan Forsbergs nya liv \u2013 debuterar i landslaget efter ov\u00e4ntade karri\u00e4rsvalet | Hockey"},"content":{"rendered":"<p>Johan Forsberg f\u00f6rsvann fr\u00e5n rampljuset och gjorde ov\u00e4ntad karri\u00e4r.<\/p>\n<p>Nu f\u00e5r 40-\u00e5ringen landslagsdebutera.<\/p>\n<p>\u2013 Jag vill f\u00f6r\u00e4ndra hela t\u00e4nket, s\u00e4ger SM-guldvinnaren.<\/p>\n<p><img loading=\"lazy\"   alt=\"\"\/><\/p>\n<p>Johan Forsberg.<\/p>\n<p>Foto: Pontus Lundahl\/TT \/ TT NYHETSBYR\u00c5N<\/p>\n<p>\u00d6ppna bild i helsk\u00e4rm<img loading=\"lazy\"   alt=\"\"\/><\/p>\n<p>2013 vann han SM-guld med Skellefte\u00e5 2013.<\/p>\n<p>Foto: JOEL MARKLUND \/ BILDBYR\u00c5N<\/p>\n<p>\u00d6ppna bild i helsk\u00e4rm<\/p>\n<p>Han har gjort 560 matcher i h\u00f6gsta serien, samt n\u00e4stan 300 matcher i hockeyallsvenskan.<\/p>\n<p>Men det var inte vad Johan Forsberg egentligen t\u00e4nkt sig.<\/p>\n<p>\u2013 Det \u00e4r en l\u00e5ng historia att jag skulle bli l\u00e4kare en g\u00e5ng i tiden och d\u00e5 r\u00e5kade jag bli ganska bra p\u00e5 hockey, s\u00e5 jag spelade hockey hela mitt liv, s\u00e4ger han.<\/p>\n<p><strong>\u00c4r du l\u00e4karen som blev ishockeyspelare?<\/strong><\/p>\n<p>\u2013 Det var n\u00e5gon barndomsdr\u00f6m att bli l\u00e4kare, men sedan ville jag inte bli det. Av n\u00e5gon anledning ville jag bli psykolog i st\u00e4llet. Jag bara vaknade upp en dag, ville bli det, s\u00f6kte in och har pluggat i fem \u00e5r.<\/p>\n<p>Nu g\u00f6r han sig redo f\u00f6r junior-VM med de tre kronorna p\u00e5 br\u00f6stet som lagets psykologiska r\u00e5dgivare.<\/p>\n<p><strong>Var det n\u00e5gonting som v\u00e4cktes inom dig n\u00e4r du spelade?<\/strong><\/p>\n<p>\u2013 Absolut. Jag tror att det \u00e4r den b\u00e4sta f\u00f6rklaringen. Att jag har levt i milj\u00f6er d\u00e4r man m\u00e5ste prestera och jag har sett saker. Jag har sj\u00e4lv haft lite problem till och fr\u00e5n med att f\u00f6rs\u00f6ka f\u00e5 ihop det h\u00e4r med att det ska vara h\u00e5llbart, att man ska m\u00e5 bra och kunna prestera samtidigt. Det \u00e4r en betydande orsak till att det blev s\u00e5 h\u00e4r.<\/p>\n<p>D\u00e5 v\u00e4grar Johan Forsberg svara<\/p>\n<p>15-talet s\u00e4songer p\u00e5 elitniv\u00e5 har han p\u00e5 meritlistan som h\u00e5rt jobbande forward i Pite\u00e5, Bj\u00f6rkl\u00f6ven, Malm\u00f6, Skellefte\u00e5, Lule\u00e5 och Modo.<\/p>\n<p>Karri\u00e4ren summerades 2020 med ett avancemang till h\u00f6gsta serien, en vunnen skytteliga i ett SM-slutspel, tv\u00e5 SM-silver, ett SM-guld och en CHL-titel.<\/p>\n<p>Forsberg \u00e4r stolt.<\/p>\n<p>Nu f\u00e5r han fr\u00e5gan hur det varit att g\u00e5 igenom tyngre perioder, vad han tar med sig av de erfarenheterna f\u00f6r att st\u00f6tta andra och hur det p\u00e5verkat honom sj\u00e4lv.<\/p>\n<p>\u2013 Jag hade kunnat prata om det, men jag kommer inte g\u00f6ra det nu f\u00f6r jag vill inte vara i fokus.<\/p>\n<p>\u2013 Men jag tror att alla elitidrottare har haft perioder som \u00e4r tunga. Det kan vara mindre saker som att man inte g\u00f6r m\u00e5l, men n\u00e4r jag s\u00e4ger mindre saker s\u00e5 kan det spela en stor roll. Jag tror att alla har det i n\u00e5gon m\u00e5n och man hanterar det p\u00e5 olika s\u00e4tt. Jag stannar d\u00e4r.<\/p>\n<p><img loading=\"lazy\"   alt=\"\"\/><\/p>\n<p>Nu v\u00e4ntar nya \u00e4ventyr, med tre kronor p\u00e5 br\u00f6stet.<\/p>\n<p>Foto: Pontus Lundahl\/TT \/ TT NYHETSBYR\u00c5N<\/p>\n<p>\u00d6ppna bild i helsk\u00e4rm<img loading=\"lazy\"   alt=\"\"\/><\/p>\n<p>Forsberg har en l\u00e5ng elitkarri\u00e4r bakom sig.<\/p>\n<p>Foto: OLA WESTERBERG \/ BILDBYR\u00c5N<\/p>\n<p>\u00d6ppna bild i helsk\u00e4rm<img loading=\"lazy\"   alt=\"\"\/><\/p>\n<p>2020 avslutade han med spel i Modo.<\/p>\n<p>Foto: P\u00c4R OLERT \/ BILDBYR\u00c5N<\/p>\n<p>\u00d6ppna bild i helsk\u00e4rm<\/p>\n<p><strong>Ser man s\u00e5dant som andra g\u00e5r igenom n\u00e4r man spelar?<\/strong><\/p>\n<p>\u2013 Ja, men f\u00f6r mig \u00e4r det d\u00e4r tv\u00e5 delar. F\u00f6r man \u00e4r ju hockeyspelaren \u00e5 ena sidan och sedan m\u00e4nniska bakom d\u00e4r. Ofta g\u00e5r de d\u00e4r in i varandra, som att har man det k\u00e4mpigt p\u00e5 sidan av och d\u00e5 kanske hockeyn f\u00e5r lida. \u00c4r hockeyn k\u00e4mpig, kanske livet utanf\u00f6r f\u00e5r lida.<\/p>\n<p>Annons<\/p>\n<p>\u2013 Jag \u00e4r v\u00e4ldigt mycket f\u00f6r att det ska vara h\u00e5llbart, f\u00f6r m\u00e4nniskan och hockeyspelaren. Delarna samspelar ju p\u00e5 ett v\u00e4ldigt h\u00e4rligt s\u00e4tt. F\u00f6r n\u00e4r jag spelar och n\u00e4r de h\u00e4r grabbarna spelar \u00e4r ju det roligaste som finns.<\/p>\n<p>Vill f\u00f6r\u00e4ndra svensk ishockey<\/p>\n<p>Det \u00e4r inte alla ishockeyspelare som blir psykologer.<\/p>\n<p>\u2013 Kortfattat tycker jag att det finns mycket att g\u00f6ra i hockeyn generellt, i hela v\u00e4rlden, f\u00f6r att f\u00f6rb\u00e4ttra de h\u00e4r delarna. St\u00f6d till spelare, ge dem strategier och ha duktiga personer som hj\u00e4lper dem med det. D\u00e4rf\u00f6r ville jag in och f\u00f6r\u00e4ndra hela t\u00e4nket. Ofta har det varit s\u00e5 att man har ringt en psykolog n\u00e4r laget har f\u00f6rlorat sex raka matcher eller n\u00e4r n\u00e5gon m\u00e5r j\u00e4tted\u00e5ligt.\u00a0<\/p>\n<p>\u2013 Men i min dr\u00f6mv\u00e4rld s\u00e5 skulle man jobba med det h\u00e4r kontinuerligt fr\u00e5n en tidig \u00e5lder. P\u00e5 ett st\u00f6rre plan vill jag f\u00f6r\u00e4ndra det i svensk hockey. Med tanke p\u00e5 det \u00e4r det en stor \u00e4ra att f\u00e5 vara h\u00e4r. Det h\u00e4r \u00e4r ju det finaste man kan vara med i. S\u00e5 det \u00e4r fint att se att vi tar steg hela tiden.\u00a0<\/p>\n<p>Men hur hamnade han egentligen i Magnus H\u00e4velids ledarstab?<\/p>\n<p>\u2013 De hade v\u00e4l n\u00e5gon som f\u00f6rstod att \u201dden h\u00e4r Johan kanske \u00e4r bra att ha med, f\u00f6r han har spelat hockey och han \u00e4r legitimerad psykolog\u201d. Jag satt ner med \u201dMange\u201d och pratade om det och p\u00e5 den v\u00e4gen var det. Jag tackade ja p\u00e5 st\u00e5ende fot. Det \u00e4r riktigt h\u00e4rligt.<\/p>\n<p>Ov\u00e4ntade v\u00e4gen \u2013 fram till JVM<\/p>\n<p>Faktum \u00e4r att det \u00e4nd\u00e5 var ett tag sedan han var i ropet, i alla fall n\u00e4r det kommer till ishockeyn och d\u00e5 var det som spelare.<\/p>\n<p><strong>Hur ser ditt liv ut i dag?<\/strong><\/p>\n<p>\u2013 Nu \u00e4r man en nobody.<\/p>\n<p><strong>Det var du som sa det.<\/strong><\/p>\n<p>\u2013 Du sa det mellan raderna.<\/p>\n<p>Pite\u00e5sonen drar av ett lurigt leende.<\/p>\n<p>Det har runnit en del vatten under broarna sedan han avslutade spelarkarri\u00e4ren 2020.<\/p>\n<p>\u2013 Jag b\u00f6rjade ju plugga sista \u00e5ret n\u00e4r jag spelade hockey d\u00e4r, och det var viktigt f\u00f6r mig att ha n\u00e5gonting efter idrotten ocks\u00e5. F\u00f6r jag vet hur det kan bli om man bara har en sak och fokuserar p\u00e5 det, s\u00e5 dras det undan. Nu har jag f\u00e5tt g\u00e5 \u00f6ver till en annan karri\u00e4r.<\/p>\n<p>Annons<\/p>\n<p>Forsberg r\u00e4knar upp allt han testat p\u00e5:<\/p>\n<p>En fem\u00e5rig utbildning.<\/p>\n<p>Arbete inom psykiatrin.<\/p>\n<p>Jobb som skribent och copywriter.\u00a0<\/p>\n<p>\u2013 Det har varit allt m\u00f6jligt, men det har \u00e4nd\u00e5 varit lite \u201dsmooth sailing\u201d. Att jobba som psykolog \u00e4r det jag g\u00f6r fr\u00e4mst nu och det trivs jag med, s\u00e4ger han.<\/p>\n<p>40-\u00e5ringen landslagdebuterar<\/p>\n<p><strong>Har det varit sk\u00f6nt eller kan du k\u00e4nna att \u201dfasen, det \u00e4r kul att vara i hetluften\u201d nu?<\/strong><\/p>\n<p>\u2013 Det \u00e4r j\u00e4ttekul. Det kanske inte \u00e4r i hetluften, men i ett lag igen. Sedan kommer massa saker runt det. Att man ska prestera, spela matcher, \u00e5ka p\u00e5 turnering&#8230; det har jag saknat j\u00e4ttemycket. Att vara i ropet vet jag inte? Nu har jag ju en roll lite i bakgrunden h\u00e4r, s\u00e5 jag kanske inte saknar det d\u00e4r att vara en spelare igen. D\u00e4remot har jag saknat tugget runtom och atmosf\u00e4ren. Det har jag saknat j\u00e4ttemycket.<\/p>\n<p>Han ombeds peka ut en nyckel f\u00f6r spelarna de kommande veckorna.<\/p>\n<p>\u2013 Det \u00e4r \u201ds\u00e4nk axlarna och upp med br\u00f6stet\u201d. Lite enkelt \u00e4r det att spelarna ska f\u00f6rs\u00f6ka g\u00f6ra sakerna de bra p\u00e5. Att ta med sina skills hit och s\u00e5 ska vi i ledarteamet f\u00f6rs\u00f6ka f\u00e5 ihop det till en bra grupp. Det \u00e4r l\u00e4ttare sagt \u00e4n gjort, men ibland \u00e4r det allt det handlar om.<\/p>\n<p>Oavsett vad blir det speciella jul- och ny\u00e5rsveckor p\u00e5 andra sidan Atlanten.<\/p>\n<p>\u2013 F\u00f6r mig personligen \u00e4r det kul att g\u00f6ra debut i landslaget n\u00e4r man \u00e4r 40. Det blir j\u00e4ttesp\u00e4nnande f\u00f6r mig ocks\u00e5.<\/p>\n<p><strong>L\u00c4S MER: <\/strong><a href=\"https:\/\/www.expressen.se\/sport\/hockey\/tre-kronor\/jvm-2026-spelschema-tv-tider-och-sveriges-trupp\/\" class=\"\" rel=\"nofollow noopener\" target=\"_blank\">JVM 2026: Spelschema, tv-tider och Sveriges trupp<\/a><\/p>\n","protected":false},"excerpt":{"rendered":"Johan Forsberg f\u00f6rsvann fr\u00e5n rampljuset och gjorde ov\u00e4ntad karri\u00e4r. Nu f\u00e5r 40-\u00e5ringen landslagsdebutera. \u2013 Jag vill f\u00f6r\u00e4ndra hela&hellip;\n","protected":false},"author":2,"featured_media":117306,"comment_status":"","ping_status":"","sticky":false,"template":"","format":"standard","meta":{"footnotes":""},"categories":[68],"tags":[5748,5945,34,255,111,110,31,33,32,30],"class_list":{"0":"post-117305","1":"post","2":"type-post","3":"status-publish","4":"format-standard","5":"has-post-thumbnail","7":"category-sport","8":"tag-organization-juniorkronorna","9":"tag-organization-jvm","10":"tag-se","11":"tag-sections-ishockey","12":"tag-sport","13":"tag-sports","14":"tag-svenska","15":"tag-sverige","16":"tag-sweden","17":"tag-swedish"},"share_on_mastodon":{"url":"https:\/\/pubeurope.com\/@se\/115785184302828580","error":""},"_links":{"self":[{"href":"https:\/\/www.europesays.com\/se\/wp-json\/wp\/v2\/posts\/117305","targetHints":{"allow":["GET"]}}],"collection":[{"href":"https:\/\/www.europesays.com\/se\/wp-json\/wp\/v2\/posts"}],"about":[{"href":"https:\/\/www.europesays.com\/se\/wp-json\/wp\/v2\/types\/post"}],"author":[{"embeddable":true,"href":"https:\/\/www.europesays.com\/se\/wp-json\/wp\/v2\/users\/2"}],"replies":[{"embeddable":true,"href":"https:\/\/www.europesays.com\/se\/wp-json\/wp\/v2\/comments?post=117305"}],"version-history":[{"count":0,"href":"https:\/\/www.europesays.com\/se\/wp-json\/wp\/v2\/posts\/117305\/revisions"}],"wp:featuredmedia":[{"embeddable":true,"href":"https:\/\/www.europesays.com\/se\/wp-json\/wp\/v2\/media\/117306"}],"wp:attachment":[{"href":"https:\/\/www.europesays.com\/se\/wp-json\/wp\/v2\/media?parent=117305"}],"wp:term":[{"taxonomy":"category","embeddable":true,"href":"https:\/\/www.europesays.com\/se\/wp-json\/wp\/v2\/categories?post=117305"},{"taxonomy":"post_tag","embeddable":true,"href":"https:\/\/www.europesays.com\/se\/wp-json\/wp\/v2\/tags?post=117305"}],"curies":[{"name":"wp","href":"https:\/\/api.w.org\/{rel}","templated":true}]}}