{"id":117313,"date":"2025-12-26T09:42:08","date_gmt":"2025-12-26T09:42:08","guid":{"rendered":"https:\/\/www.europesays.com\/se\/117313\/"},"modified":"2025-12-26T09:42:08","modified_gmt":"2025-12-26T09:42:08","slug":"michael-sundlovs-nya-uppdrag-i-bandyn-lamnade-hockeyn","status":"publish","type":"post","link":"https:\/\/www.europesays.com\/se\/117313\/","title":{"rendered":"Michael Sundl\u00f6vs nya uppdrag i bandyn \u2013 l\u00e4mnade hockeyn"},"content":{"rendered":"<p><img   alt=\"\"\/><\/p>\n<p>Michael Sundl\u00f6v har tagit klivet \u00f6ver till bandyn<\/p>\n<p>Foto: ELIN NORD<\/p>\n<p>\u00d6ppna bild i helsk\u00e4rm<img loading=\"lazy\"   alt=\"\"\/><\/p>\n<p>H\u00e4r tillsammans med huvudtr\u00e4naren Daniel Mossberg.<\/p>\n<p>Foto: ELIN NORD<\/p>\n<p>\u00d6ppna bild i helsk\u00e4rm<img loading=\"lazy\"   alt=\"\"\/><\/p>\n<p>Michael Sundl\u00f6v prisas efter en matcg med Tre Kronor 1993.<\/p>\n<p>Foto: BILDBYR\u00c5N<\/p>\n<p>\u00d6ppna bild i helsk\u00e4rmArtikeln i korthert<\/p>\n<p> Hockeyprofilen Michael Sundl\u00f6v har bytt sport och \u00e4r nu assisterande tr\u00e4nare i bandy med Sandviken.<\/p>\n<p> Han beskriver det nya uppdraget som bland det roligaste han gjort.<\/p>\n<p> Sandviken satsar p\u00e5 nyt\u00e4nkande efter tuffa s\u00e4songer.<\/p>\n<p>Visa mer<\/p>\n<p>Annandagen \u00e4r h\u00e4r.<\/p>\n<p>Folksporten bandys stora dag tillsammans med SM-finalen.<\/p>\n<p>I G\u00f6ransson arena i centrala Sandviken tar g\u00e4strikebrukets S-m\u00e4rkta pojkar emot Broberg fr\u00e5n S\u00f6derhamn.<\/p>\n<p>Michael Sundl\u00f6v har l\u00e4ngtat lika mycket som ett barn g\u00f6r efter tomten.<\/p>\n<p>\u2013 Annandagen \u00e4r n\u00e5got visst f\u00f6r bandysporten, s\u00e4ger Sundl\u00f6v.\u00a0<\/p>\n<p>\u2013 Jag har ju bara f\u00e5tt uppleva dagen fr\u00e5n l\u00e4ktaren n\u00e5gra g\u00e5nger tidigare, men det var l\u00e4nge sedan nu.<\/p>\n<p>Vann OS-guld i Lillehammer<\/p>\n<p>Karln har haft annat f\u00f6r sig.<\/p>\n<p>Nu st\u00e5r han p\u00e5 isen. Som tr\u00e4nare. Ja, han har sv\u00e5rt att f\u00f6rst\u00e5 det sj\u00e4lv ibland.<\/p>\n<p>Sundl\u00f6v, som \u00e4r uppvuxen i bandystaden Sandviken, kom fram som en stor m\u00e5lvaktstalang i Bryn\u00e4s i slutet av 1980-talet.<\/p>\n<p>Han var en firad hj\u00e4lte med sin plockhandske och m\u00e5lvaktsspade.<\/p>\n<p>N\u00e4r karri\u00e4ren var \u00f6ver hade han spelat 461 matcher i elitserien f\u00f6r Bryn\u00e4s, vunnit SM-guld 1993, OS-guld med Tre Kronor i Lillehammer 1994 och VM-silver 1993 i Tyskland.<\/p>\n<p><img loading=\"lazy\"   alt=\"\"\/><\/p>\n<p>Michael Sundl\u00f6v var med i OS-guldlaget fr\u00e5n 1994.<\/p>\n<p>Foto: BILDBYR\u00c5N<\/p>\n<p>\u00d6ppna bild i helsk\u00e4rm<\/p>\n<p>Sundl\u00f6v hade inte f\u00e5tt nog av den svarta pucken och den bl\u00e5 linjen.<\/p>\n<p>Hans karri\u00e4r fortsatte i ett rasande tempo.<\/p>\n<p>Sundl\u00f6v blev assisterande tr\u00e4nare i Bryn\u00e4s, sportchef i Bryn\u00e4s IF, sportchef i Karlskrona HK, sportchef i Modo, sportchef i Bryn\u00e4s IF, sportchef i Karlskrona HK och scout \u00e5t Winnipeg Jets.<\/p>\n<p>Nu \u00e4r ett liv i hockeyns tj\u00e4nst \u00f6ver.<\/p>\n<p>Michael Sundl\u00f6v, som fyllde 60 \u00e5r i oktober, har flyttat tillbaka till G\u00e4vle, men numera \u00e5ker han tv\u00e5 och en halv mil v\u00e4sterut efter E16 till sitt nya arbete.<\/p>\n<p>I v\u00e5ras blev han klar som assisterande tr\u00e4nare i <a href=\"https:\/\/www.expressen.se\/tagg\/organization\/sandvikens-aik\/\" class=\"\" rel=\"nofollow noopener\" target=\"_blank\">Sandvikens AIK<\/a>:s elitserielag i bandy.<\/p>\n<p>\u2013 Det var v\u00e4l inget jag kunde dr\u00f6mma om eller ens tro f\u00f6rr\u00e4n i v\u00e5ras, s\u00e4ger Sundl\u00f6v.<\/p>\n<p>Han skrattar.<\/p>\n<p>Hur gick det egentligen till n\u00e4r m\u00e5lvaktshj\u00e4lten och den hyllade sportchefen bytte fr\u00e5n den svarta pucken till den orange bollen?<\/p>\n<p>\u2013 Jag l\u00e4ste en artikel i tidningen att den erfarne ledaren Arne Anderstedt klivit in i Saik igen. Jag pratade om Sandviken med min kompis Lasse Andersson som b\u00e5de arbetat i Bryn\u00e4s och i Saik. Han undrade om jag inte skulle bli bandytr\u00e4nare.<\/p>\n<p>Annons<\/p>\n<p><strong>Vad sa du d\u00e5?<\/strong><\/p>\n<p>\u2013 \u00c4r du dum? Jag kan ju ingenting om bandy.<\/p>\n<p>\u2013 Lasse stod p\u00e5 sig och undrade om han fick n\u00e4mna mitt namn f\u00f6r Saik:s ledning.\u00a0<\/p>\n<p>\u201dTriggade mig att g\u00f6ra en omstart\u201d<\/p>\n<p>N\u00e5gra veckor sedan tr\u00e4ffade representanter f\u00f6r Saik och den tilltryckte huvudtr\u00e4naren Daniel Mossberg.<\/p>\n<p>\u2013 Allt k\u00e4ndes s\u00e5 r\u00e4tt. Det som triggade mig mest var att jag skulle f\u00e5 g\u00f6ra en omstart i livet.<\/p>\n<p>Nu har vi spelat 16 omg\u00e5ngars av elitserien.<\/p>\n<p>Michael Sundl\u00f6v har blivit varm i kl\u00e4derna.<\/p>\n<p>\u2013 Det h\u00e4r \u00e4r bland det roligaste jag har gjort, det k\u00e4nns \u00e4ven v\u00e4ldigt sk\u00f6nt att slippa k\u00e4nna stress och press och den d\u00e4r klumpen i magen som fanns under mina tidigare uppdrag.<\/p>\n<p><strong>Hur vill du sammanfatta s\u00e4songen s\u00e5 h\u00e4r l\u00e5ngt?<\/strong><\/p>\n<p>\u2013 Upp och ner resultatm\u00e4ssigt, jag tycker att vi spelar en rolig bandy, men vi sliter h\u00e5rt med att trycka upp l\u00e4gstaniv\u00e5n.<\/p>\n<p><img loading=\"lazy\"   alt=\"\"\/><\/p>\n<p>Michael Sundl\u00f6v och Daniel Mossberg, Sandvikens tr\u00e4narduo.<\/p>\n<p>Foto: ELIN NORD<\/p>\n<p>\u00d6ppna bild i helsk\u00e4rm<\/p>\n<p>Sundl\u00f6v hyllar Sandviken och sin nya parh\u00e4st Daniel Mossberg som spelat \u00f6ver 600 matcher i den h\u00f6gsta serien i Sverige och fem \u00e5r i Ryssland.<\/p>\n<p>\u2013 Han \u00e4r v\u00e4ldigt duktig, en kompetent tr\u00e4nare som jag l\u00e4r mig nya saker av hela tiden, s\u00e4ger Sundl\u00f6v.<\/p>\n<p><strong>Hur \u00e4r det att arbeta med Daniel Mossberg?<\/strong><\/p>\n<p>\u2013 Utvecklande, jag skulle \u00f6nska att jag kunna hj\u00e4lpa honom mer under matcherna. Jag st\u00f6ttar honom i det jag kan.<\/p>\n<p>Daniel Mossberg har en l\u00e5ng spelarkarri\u00e4r bakom sig och gjorde bland annat 520 matcher f\u00f6r Sandviken.<\/p>\n<p>F\u00f6r tv\u00e5 \u00e5r sedan var 44-\u00e5ringen var assisterande tr\u00e4nare till Andreas Bergwall och i fjol stod han bakom Magnus Brod\u00e9n. Nu \u00e4r det en ny tid.<\/p>\n<p>\u2013 Jag \u00e4r sj\u00e4lv ny i den h\u00e4r branschen, s\u00e4ger Mossberg. Sundl\u00f6v \u00e4r en fantastisk m\u00e4nniska, en grym ledare och en fin arbetskamrat.<\/p>\n<p><strong>Hur ser era roller ut?<\/strong><\/p>\n<p>\u2013 Micke sk\u00f6ter videoanalyser, det syns att han kommer fr\u00e5n hockeyn som legat l\u00e5ngt f\u00f6re oss d\u00e4r. Sedan kan han betydligt mer bandy \u00e4n han vill s\u00e4ga.<\/p>\n<p>\u2013 Sundl\u00f6v \u00e4r med p\u00e5 isen och har kommit med en rad olika \u00f6vningar som han h\u00e4mtat fr\u00e5n hockeyn. Det k\u00e4nns v\u00e4ldigt inspirerande.<\/p>\n<p>Annons<\/p>\n<p>Tagit med verktyg fr\u00e5n hockeyn<\/p>\n<p>Michael Sundl\u00f6v \u00e4r uppvuxen i Sandviken som han l\u00e4mnade 1984.<\/p>\n<p>\u2013 Jag spelade ju hockey tidigt, inte bandy som m\u00e5nga av mina kompisar. Det kanske slog lite snett n\u00e4r jag bodde i Sandviken, s\u00e4ger han.<\/p>\n<p>Sandviken har varit en maktfaktor i den svenska folksporten bandy.<\/p>\n<p>I den vackra historien ryms bland annat nio SM-guld och 14 SM-silver, men under de senaste \u00e5ren har den S-m\u00e4rkta klubben halkat efter topplagen.<\/p>\n<p>Saik var under den f\u00f6rra s\u00e4songen n\u00e4ra att missa SM-slutspel p\u00e5 40 \u00e5r.<\/p>\n<p>Michael Sundl\u00f6v \u00e4r en vinnare. Precis som Daniel Mossberg.<\/p>\n<p>\u2013 Jag gillar inte att f\u00f6rlora. Jag kommer att kunna st\u00e4lla fr\u00e5gor till spelarna som g\u00f6r att de kanske t\u00e4nker annorlunda och hittar nya v\u00e4gar, s\u00e4ger han.<\/p>\n<p><img loading=\"lazy\"   alt=\"\"\/><\/p>\n<p>Michael Sundl\u00f6v har de senaste \u00e5ren mest varit k\u00e4nd som sportchef i Bryn\u00e4s.<\/p>\n<p>Foto: OLA WESTERBERG \/ BILDBYR\u00c5N<\/p>\n<p>\u00d6ppna bild i helsk\u00e4rm<\/p>\n<p>Sundl\u00f6v har en gedigen karri\u00e4r som ledare.<\/p>\n<p>Han har varit tr\u00e4nare och sportchef i Bryn\u00e4s, sportchef i Karlskrona och Modo och scout \u00e5t Winnipeg Jets.<\/p>\n<p>\u2013 Jag har skaffat mig verktyg under \u00e5ren som jag nu ska kunna anv\u00e4nda f\u00f6r att hj\u00e4lpa Saik att bli b\u00e4ttre.<\/p>\n<p>\u2013 Jag vill vara med och t\u00e4vla. Mitt Saik \u00e4r ramstarkt, som en svart mur, dit ska vi n\u00e5 i framtiden, s\u00e4ger Sundl\u00f6v.<\/p>\n<p>Han \u00e4r imponerad \u00f6ver spelarna i klubben<\/p>\n<p>\u2013 Bandyn har sm\u00e5 resurser j\u00e4mf\u00f6rt med hockeyn. Bandyn i dag \u00e4r p\u00e5 samma niv\u00e5 resursm\u00e4ssigt som n\u00e4r jag spelade med Bryn\u00e4s i slutet av 1980-talet.<\/p>\n<p><strong>Ber\u00e4tta?<\/strong><\/p>\n<p>\u2013 Spelarna pluggar eller arbetar. Det \u00e4r inga \u00f6vernattningar, buss tur och retur oavsett hur l\u00e5ngt vi \u00e5ker och matl\u00e5da. Jag \u00e4r sjukt imponerad \u00f6ver hur proffsiga de \u00e4r. Det \u00e4r h\u00e4ftigt.<\/p>\n<p>\u201dBlir en h\u00e4ftig upplevelse\u201d<\/p>\n<p>Det gamla storlaget Sandviken t\u00e4nkte nytt och innovativt n\u00e4r Mossberg och Sundl\u00f6v tog \u00f6ver ansvaret.<\/p>\n<p>\u2013 Vi ska ge det h\u00e4r lite tid. Vi kommer fr\u00e5n n\u00e5gra tuffa s\u00e4songer, men f\u00e5r vi beh\u00e5lla spelarna, fortsatta tr\u00e4na h\u00e5rt och krydda med n\u00e5gon spelare s\u00e5 \u00e4r vi ett topplag inom n\u00e5gra \u00e5r, s\u00e4ger Daniel Mossberg.<\/p>\n<p>Men f\u00f6rst v\u00e4ntar match mot Broberg.<\/p>\n<p>\u2013 Jag hoppas att fansen kommer till arenan, det kommer bli en h\u00e4ftig upplevelse, s\u00e4ger Michael Sundl\u00f6v.<\/p>\n<p><strong>Hur mycket f\u00f6ljer du ishockeyn nuf\u00f6rtiden?<\/strong><\/p>\n<p>\u2013 Jag ser matcher p\u00e5 tv s\u00e5 ofta jag kan. Jag har sett tv\u00e5 matcher live med Bryn\u00e4s hittills. Hockeyn krockar ju ofta med bandyn.<\/p>\n<p><a href=\"https:\/\/livesport.expressen.se\/sv\/bandy\" rel=\"nofollow noopener\" target=\"_blank\">Se all annandagsbandy direkt p\u00e5 Expressen \u2013 full omg\u00e5ng v\u00e4ntar.<\/a>\u00a0<\/p>\n<p>SUNDL\u00d6V VANN SM-GULD OCH BLEV SPORTCHEF<\/p>\n<p><strong>Namn: <\/strong>Michael Sundl\u00f6v.<\/p>\n<p><strong>F\u00f6dd: <\/strong>11 oktober 1965 i G\u00e4vle.<\/p>\n<p><strong>Bor: <\/strong>G\u00e4vle.<\/p>\n<p><strong>Familj: <\/strong>Sambo med Karin Hagman, paret har gemensamma barnet Sebastian. Michael har \u00e4ven barnet Kim fr\u00e5n ett tidigare f\u00f6rh\u00e5llande och tv\u00e5 bonusd\u00f6ttrar, Rebecca och Clara Hagman och tre barnbarn: Lo, Liv och Alba<\/p>\n<p><strong>Yrke: <\/strong>Bandytr\u00e4nare i Sandvikens AIK.<\/p>\n<p><strong>Karri\u00e4r som hockeyspelare: <\/strong>Sandvikens IK, Leksands IF, Enk\u00f6pings SK, Skutsk\u00e4rs SK, Bryn\u00e4s IF.<\/p>\n<p><strong>Karri\u00e4r som hockeyledare:<\/strong> Assisterande tr\u00e4nare i Bryn\u00e4s, sportchef i Bryn\u00e4s IF, sportchef i Karlskrona HK, sportchef i Modo, sportchef i Bryn\u00e4s IF, sportchef i Karlskrona HK. Scout \u00e5t Winnipeg Jets<\/p>\n<p><strong>Fr\u00e4msta meriter: <\/strong>OS-guld med Tre Kronor 1994, VM-silver med Tre Kronor 1993, SM-guld med Bryn\u00e4s 1993, SM-guld med Bryn\u00e4s 2012 som sportchef.<\/p>\n<p>461 matcher och tolv s\u00e4songer f\u00f6r Bryn\u00e4s i Elitserien.<\/p>\n<p><strong>Aktuell: <\/strong>\u00c4r assisterande tr\u00e4nare i Sandviken som p\u00e5 annandagen m\u00f6ter Broberg p\u00e5 hemmaplan.<\/p>\n<p>Visa mer<\/p>\n","protected":false},"excerpt":{"rendered":"Michael Sundl\u00f6v har tagit klivet \u00f6ver till bandyn Foto: ELIN NORD \u00d6ppna bild i helsk\u00e4rm H\u00e4r tillsammans med&hellip;\n","protected":false},"author":2,"featured_media":117314,"comment_status":"","ping_status":"","sticky":false,"template":"","format":"standard","meta":{"footnotes":""},"categories":[68],"tags":[824,12604,6744,34,4136,111,110,31,33,32,30],"class_list":{"0":"post-117313","1":"post","2":"type-post","3":"status-publish","4":"format-standard","5":"has-post-thumbnail","7":"category-sport","8":"tag-organization-brynas-if","9":"tag-organization-elitserien-i-bandy","10":"tag-organization-sandvikens-aik","11":"tag-se","12":"tag-sections-bandy","13":"tag-sport","14":"tag-sports","15":"tag-svenska","16":"tag-sverige","17":"tag-sweden","18":"tag-swedish"},"share_on_mastodon":{"url":"https:\/\/pubeurope.com\/@se\/115785219675371634","error":""},"_links":{"self":[{"href":"https:\/\/www.europesays.com\/se\/wp-json\/wp\/v2\/posts\/117313","targetHints":{"allow":["GET"]}}],"collection":[{"href":"https:\/\/www.europesays.com\/se\/wp-json\/wp\/v2\/posts"}],"about":[{"href":"https:\/\/www.europesays.com\/se\/wp-json\/wp\/v2\/types\/post"}],"author":[{"embeddable":true,"href":"https:\/\/www.europesays.com\/se\/wp-json\/wp\/v2\/users\/2"}],"replies":[{"embeddable":true,"href":"https:\/\/www.europesays.com\/se\/wp-json\/wp\/v2\/comments?post=117313"}],"version-history":[{"count":0,"href":"https:\/\/www.europesays.com\/se\/wp-json\/wp\/v2\/posts\/117313\/revisions"}],"wp:featuredmedia":[{"embeddable":true,"href":"https:\/\/www.europesays.com\/se\/wp-json\/wp\/v2\/media\/117314"}],"wp:attachment":[{"href":"https:\/\/www.europesays.com\/se\/wp-json\/wp\/v2\/media?parent=117313"}],"wp:term":[{"taxonomy":"category","embeddable":true,"href":"https:\/\/www.europesays.com\/se\/wp-json\/wp\/v2\/categories?post=117313"},{"taxonomy":"post_tag","embeddable":true,"href":"https:\/\/www.europesays.com\/se\/wp-json\/wp\/v2\/tags?post=117313"}],"curies":[{"name":"wp","href":"https:\/\/api.w.org\/{rel}","templated":true}]}}