{"id":117319,"date":"2025-12-26T09:49:26","date_gmt":"2025-12-26T09:49:26","guid":{"rendered":"https:\/\/www.europesays.com\/se\/117319\/"},"modified":"2025-12-26T09:49:26","modified_gmt":"2025-12-26T09:49:26","slug":"minst-fyra-doda-det-senaste-dygnet-i-ryska-attacker","status":"publish","type":"post","link":"https:\/\/www.europesays.com\/se\/117319\/","title":{"rendered":"Minst fyra d\u00f6da det senaste dygnet i ryska attacker"},"content":{"rendered":"<p>Minst fyra personer har d\u00f6dats och 35 skadats i ryska attacker under det senaste dygnet, rapporterar Kyiv Independent.<\/p>\n<p>Under natten till torsdag attackerade Ryssland med 131 dr\u00f6nare, varav 106 sk\u00f6ts ner, enligt det ukrainska flygvapnet. Flera regioner var f\u00f6rem\u00e5l f\u00f6r attackerna och dr\u00f6nare slog ner p\u00e5 15 platser.<\/p>\n<p>I Charkivregionen d\u00f6dades en man i 50-\u00e5rs\u00e5ldern och ytterligare 15 personer skadades. <\/p>\n<p>Omni \u00e4r politiskt obundna och oberoende. Vi str\u00e4var efter att ge fler perspektiv p\u00e5 nyheterna. Har du fr\u00e5gor eller synpunkter kring v\u00e5r rapportering? <a href=\"https:\/\/omni.se\/minst-fyra-doda-det-senaste-dygnet-i-ryska-attacker\/a\/mailto:redaktion@omni.se\" class=\"ArticleActions_contactLink__W2F1M\" rel=\"nofollow noopener\" target=\"_blank\">Kontakta redaktionen<\/a><\/p>\n","protected":false},"excerpt":{"rendered":"Minst fyra personer har d\u00f6dats och 35 skadats i ryska attacker under det senaste dygnet, rapporterar Kyiv Independent.&hellip;\n","protected":false},"author":2,"featured_media":117320,"comment_status":"","ping_status":"","sticky":false,"template":"","format":"standard","meta":{"footnotes":""},"categories":[5],"tags":[22,23,267,26,27,17,21,24,25,28,29,15,16,18,269,264,34,31,33,32,30,19,20,263],"class_list":{"0":"post-117319","1":"post","2":"type-post","3":"status-publish","4":"format-standard","5":"has-post-thumbnail","7":"category-rubriker","8":"tag-breaking-news","9":"tag-breakingnews","10":"tag-europa","11":"tag-featured-news","12":"tag-featurednews","13":"tag-headlines","14":"tag-huvudnyheter","15":"tag-latest-news","16":"tag-latestnews","17":"tag-main-news","18":"tag-mainnews","19":"tag-news","20":"tag-nyheter","21":"tag-rubriker","22":"tag-ryska-invasionen","23":"tag-ryssland","24":"tag-se","25":"tag-svenska","26":"tag-sverige","27":"tag-sweden","28":"tag-swedish","29":"tag-top-stories","30":"tag-topstories","31":"tag-ukraina"},"share_on_mastodon":{"url":"https:\/\/pubeurope.com\/@se\/115785247211367774","error":""},"_links":{"self":[{"href":"https:\/\/www.europesays.com\/se\/wp-json\/wp\/v2\/posts\/117319","targetHints":{"allow":["GET"]}}],"collection":[{"href":"https:\/\/www.europesays.com\/se\/wp-json\/wp\/v2\/posts"}],"about":[{"href":"https:\/\/www.europesays.com\/se\/wp-json\/wp\/v2\/types\/post"}],"author":[{"embeddable":true,"href":"https:\/\/www.europesays.com\/se\/wp-json\/wp\/v2\/users\/2"}],"replies":[{"embeddable":true,"href":"https:\/\/www.europesays.com\/se\/wp-json\/wp\/v2\/comments?post=117319"}],"version-history":[{"count":0,"href":"https:\/\/www.europesays.com\/se\/wp-json\/wp\/v2\/posts\/117319\/revisions"}],"wp:featuredmedia":[{"embeddable":true,"href":"https:\/\/www.europesays.com\/se\/wp-json\/wp\/v2\/media\/117320"}],"wp:attachment":[{"href":"https:\/\/www.europesays.com\/se\/wp-json\/wp\/v2\/media?parent=117319"}],"wp:term":[{"taxonomy":"category","embeddable":true,"href":"https:\/\/www.europesays.com\/se\/wp-json\/wp\/v2\/categories?post=117319"},{"taxonomy":"post_tag","embeddable":true,"href":"https:\/\/www.europesays.com\/se\/wp-json\/wp\/v2\/tags?post=117319"}],"curies":[{"name":"wp","href":"https:\/\/api.w.org\/{rel}","templated":true}]}}