{"id":117321,"date":"2025-12-26T09:51:08","date_gmt":"2025-12-26T09:51:08","guid":{"rendered":"https:\/\/www.europesays.com\/se\/117321\/"},"modified":"2025-12-26T09:51:08","modified_gmt":"2025-12-26T09:51:08","slug":"inte-alls-pa-samma-satt","status":"publish","type":"post","link":"https:\/\/www.europesays.com\/se\/117321\/","title":{"rendered":"\u201dInte alls p\u00e5 samma s\u00e4tt\u201d"},"content":{"rendered":"<p>Publicerad 26 dec 2025 kl 10.32Uppdaterad kl 10.38<\/p>\n<p>Nicola Kempny var r\u00e4dd inf\u00f6r flytten till Sverige.<\/p>\n<p>Men efter att ha spenderat sin f\u00f6rsta jul h\u00e4r har hennes bild av landet \u00e4ndrats.<\/p>\n<p><img   alt=\"\"\/><\/p>\n<p>Michal Kempny i Bryn\u00e4s.<\/p>\n<p>Foto: ARON BROMAN \/ BILDBYR\u00c5N<\/p>\n<p>\u00d6ppna bild i helsk\u00e4rm<\/p>\n<p>Michal Kempny l\u00e4mnade Nordamerika 2022 efter ett par tunga s\u00e4songer i NHL. Han \u00e5terv\u00e4nde till en b\u00f6rjan hem till Tjeckien, innan han skrev p\u00e5 f\u00f6r Bryn\u00e4s inf\u00f6r \u00e5rets s\u00e4song.<\/p>\n<p>Inf\u00f6r flytten ber\u00e4ttade Kempnys fru, Nicola Kempny, om sin oro.<\/p>\n<p>\u2013 Vi bor precis vid vattnet, vilket \u00e4r rena idyllen nu. Men vi f\u00e5r se hur det blir i vinter. Jag \u00e4r ganska r\u00e4dd f\u00f6r den l\u00e5nga m\u00f6rka perioden, sa hon d\u00e5.<\/p>\n<p>F\u00f6r tjeckiska <a href=\"https:\/\/isport.blesk.cz\/clanek\/blesk-sport\/469644\/manzelka-mistra-sveta-kempneho-ody-na-svedske-vanoce-v-cem-jsou-jine.html\" rel=\"nofollow noopener\" target=\"_blank\">Blesk<\/a> ber\u00e4ttar hon nu hur det g\u00e5tt \u2013 och hyllar den svenska julen.<\/p>\n<p>\u2013 I Sverige blir det m\u00f6rkt klockan tv\u00e5 vilket \u00e4r ganska ovanligt, s\u00e5 de gillar verkligen julen h\u00e4r och ser till att g\u00f6ra det fint. De pyntar husen med ljus och julstj\u00e4rnor, ber\u00e4ttar hon f\u00f6r sajten.<\/p>\n<p>\u201dLugn atmosf\u00e4r\u201d<\/p>\n<p>Det var speciellt en sak som imponerade p\u00e5 henne.<\/p>\n<p>\u2013 Det \u00e4r inte alls samma konsumism och galenskap i k\u00f6pcentren som i Tjeckien, utan en lugn atmosf\u00e4r med massor av mat.<\/p>\n<p>I ett inl\u00e4gg p\u00e5 Instagram visar Nicola upp bilder fr\u00e5n familjens, som ut\u00f6ver Nicola och Michal best\u00e5r av fyra\u00e5riga Adam och sex veckor gamla Albert, julfirande.\u00a0<\/p>\n<p>Hon visar bland annat hur de druckit gl\u00f6gg, g\u00e5tt p\u00e5 ponnyridning, \u00e5kt skridskor och bakat pepparkakor.<\/p>\n<p><img loading=\"lazy\"   alt=\"\"\/> <\/p>\n<p>Foto: Instagram<\/p>\n<p>\u00d6ppna bild i helsk\u00e4rm<img loading=\"lazy\"   alt=\"\"\/> <\/p>\n<p>Foto: Instagram<\/p>\n<p>\u00d6ppna bild i helsk\u00e4rm<img loading=\"lazy\"   alt=\"\"\/> <\/p>\n<p>Foto: Instagram<\/p>\n<p>\u00d6ppna bild i helsk\u00e4rm<strong>L\u00c4S MER: <\/strong><a href=\"https:\/\/www.expressen.se\/sport\/hockey\/tre-kronor\/jvm-2026-spelschema-tv-tider-och-sveriges-trupp\/\" class=\"\" rel=\"nofollow noopener\" target=\"_blank\">JVM 2026: Spelschema, tv-tider och Sveriges trupp<\/a><\/p>\n","protected":false},"excerpt":{"rendered":"Publicerad 26 dec 2025 kl 10.32Uppdaterad kl 10.38 Nicola Kempny var r\u00e4dd inf\u00f6r flytten till Sverige. Men efter&hellip;\n","protected":false},"author":2,"featured_media":117322,"comment_status":"","ping_status":"","sticky":false,"template":"","format":"standard","meta":{"footnotes":""},"categories":[68],"tags":[824,1179,34,255,823,111,110,31,33,32,30],"class_list":{"0":"post-117321","1":"post","2":"type-post","3":"status-publish","4":"format-standard","5":"has-post-thumbnail","7":"category-sport","8":"tag-organization-brynas-if","9":"tag-organization-shl","10":"tag-se","11":"tag-sections-ishockey","12":"tag-sections-shl","13":"tag-sport","14":"tag-sports","15":"tag-svenska","16":"tag-sverige","17":"tag-sweden","18":"tag-swedish"},"share_on_mastodon":{"url":"https:\/\/pubeurope.com\/@se\/115785255130755866","error":""},"_links":{"self":[{"href":"https:\/\/www.europesays.com\/se\/wp-json\/wp\/v2\/posts\/117321","targetHints":{"allow":["GET"]}}],"collection":[{"href":"https:\/\/www.europesays.com\/se\/wp-json\/wp\/v2\/posts"}],"about":[{"href":"https:\/\/www.europesays.com\/se\/wp-json\/wp\/v2\/types\/post"}],"author":[{"embeddable":true,"href":"https:\/\/www.europesays.com\/se\/wp-json\/wp\/v2\/users\/2"}],"replies":[{"embeddable":true,"href":"https:\/\/www.europesays.com\/se\/wp-json\/wp\/v2\/comments?post=117321"}],"version-history":[{"count":0,"href":"https:\/\/www.europesays.com\/se\/wp-json\/wp\/v2\/posts\/117321\/revisions"}],"wp:featuredmedia":[{"embeddable":true,"href":"https:\/\/www.europesays.com\/se\/wp-json\/wp\/v2\/media\/117322"}],"wp:attachment":[{"href":"https:\/\/www.europesays.com\/se\/wp-json\/wp\/v2\/media?parent=117321"}],"wp:term":[{"taxonomy":"category","embeddable":true,"href":"https:\/\/www.europesays.com\/se\/wp-json\/wp\/v2\/categories?post=117321"},{"taxonomy":"post_tag","embeddable":true,"href":"https:\/\/www.europesays.com\/se\/wp-json\/wp\/v2\/tags?post=117321"}],"curies":[{"name":"wp","href":"https:\/\/api.w.org\/{rel}","templated":true}]}}