{"id":117323,"date":"2025-12-26T09:52:09","date_gmt":"2025-12-26T09:52:09","guid":{"rendered":"https:\/\/www.europesays.com\/se\/117323\/"},"modified":"2025-12-26T09:52:09","modified_gmt":"2025-12-26T09:52:09","slug":"david-purchase-sjong-julsanger-42-timmar-i-strack-siktar-pa-guinness-world-records","status":"publish","type":"post","link":"https:\/\/www.europesays.com\/se\/117323\/","title":{"rendered":"David Purchase sj\u00f6ng juls\u00e5nger 42 timmar i str\u00e4ck \u2013 siktar p\u00e5 Guinness World Records"},"content":{"rendered":"<p>Id\u00e9n till rekordf\u00f6rs\u00f6ket f\u00f6ddes f\u00f6r ett \u00e5r sedan. Den 63-\u00e5rige britten David Purchase, bosatt i staden Gloucester, funderade p\u00e5 vad han kunde g\u00f6ra f\u00f6r julararrangemang som skulle ge uppm\u00e4rksamhet \u00e5t staden. Eftersom Purchase kommer fr\u00e5n en musikalisk familj och han sj\u00e4lv b\u00f6rjade sjunga i tidig \u00e5lder gick tankarna \u00e5t att g\u00f6ra n\u00e5got med s\u00e5ng.<\/p>\n<p>Han b\u00f6rjade kolla upp om det fanns n\u00e5got v\u00e4rldsrekord i att sjunga kontinuerligt. Det fanns det. Rekordet var p\u00e5 105 timmar, n\u00e5got han ins\u00e5g skulle vara om\u00f6jligt f\u00f6r honom att sl\u00e5. <\/p>\n","protected":false},"excerpt":{"rendered":"Id\u00e9n till rekordf\u00f6rs\u00f6ket f\u00f6ddes f\u00f6r ett \u00e5r sedan. Den 63-\u00e5rige britten David Purchase, bosatt i staden Gloucester, funderade&hellip;\n","protected":false},"author":2,"featured_media":117324,"comment_status":"","ping_status":"","sticky":false,"template":"","format":"standard","meta":{"footnotes":""},"categories":[67],"tags":[104,34,31,33,32,30,105],"class_list":{"0":"post-117323","1":"post","2":"type-post","3":"status-publish","4":"format-standard","5":"has-post-thumbnail","7":"category-underhallning","8":"tag-entertainment","9":"tag-se","10":"tag-svenska","11":"tag-sverige","12":"tag-sweden","13":"tag-swedish","14":"tag-underhallning"},"share_on_mastodon":{"url":"https:\/\/pubeurope.com\/@se\/115785258957572526","error":""},"_links":{"self":[{"href":"https:\/\/www.europesays.com\/se\/wp-json\/wp\/v2\/posts\/117323","targetHints":{"allow":["GET"]}}],"collection":[{"href":"https:\/\/www.europesays.com\/se\/wp-json\/wp\/v2\/posts"}],"about":[{"href":"https:\/\/www.europesays.com\/se\/wp-json\/wp\/v2\/types\/post"}],"author":[{"embeddable":true,"href":"https:\/\/www.europesays.com\/se\/wp-json\/wp\/v2\/users\/2"}],"replies":[{"embeddable":true,"href":"https:\/\/www.europesays.com\/se\/wp-json\/wp\/v2\/comments?post=117323"}],"version-history":[{"count":0,"href":"https:\/\/www.europesays.com\/se\/wp-json\/wp\/v2\/posts\/117323\/revisions"}],"wp:featuredmedia":[{"embeddable":true,"href":"https:\/\/www.europesays.com\/se\/wp-json\/wp\/v2\/media\/117324"}],"wp:attachment":[{"href":"https:\/\/www.europesays.com\/se\/wp-json\/wp\/v2\/media?parent=117323"}],"wp:term":[{"taxonomy":"category","embeddable":true,"href":"https:\/\/www.europesays.com\/se\/wp-json\/wp\/v2\/categories?post=117323"},{"taxonomy":"post_tag","embeddable":true,"href":"https:\/\/www.europesays.com\/se\/wp-json\/wp\/v2\/tags?post=117323"}],"curies":[{"name":"wp","href":"https:\/\/api.w.org\/{rel}","templated":true}]}}