{"id":117327,"date":"2025-12-26T09:59:08","date_gmt":"2025-12-26T09:59:08","guid":{"rendered":"https:\/\/www.europesays.com\/se\/117327\/"},"modified":"2025-12-26T09:59:08","modified_gmt":"2025-12-26T09:59:08","slug":"infor-west-ham-fulham-svenskafans","status":"publish","type":"post","link":"https:\/\/www.europesays.com\/se\/117327\/","title":{"rendered":"Inf\u00f6r West Ham-Fulham &#8211; SvenskaFans"},"content":{"rendered":"<p>Under l\u00f6rdagseftermiddagen b\u00f6rjar den \u00e5ngestladdade perioden av matcher d\u00e5 po\u00e4ngen m\u00e5ste in f\u00f6r ett h\u00e5rt pressat West Ham.<\/p>\n<p>Hammers kommer till start utan Diouf och Wan-Bissaka som b\u00e5da \u00e4r borta p\u00e5 afrikanska m\u00e4sterskapen samtidigt som F\u00fcllkrug g\u00e5tt till Milan. D\u00e4rav \u00e4r tunn trupp \u00e4nnu tunnare i detta kritiska skede av s\u00e4songen. <\/p>\n<p>Vad Fulham betr\u00e4ffar s\u00e5 var de p\u00e5 v\u00e4g att dras in i nedflyttningsstriden p\u00e5 allvar, men segrar mot Burnley och Forest har gett dem ett ganska tryggt avst\u00e5nd ned\u00e5t. <\/p>\n<p>Med sex raka matcher utan vinst och fem po\u00e4ng upp till s\u00e4ker mark s\u00e5 \u00e4r det i kommande fyra matcher som po\u00e4ngen ska in om West Ham ska ha minsta m\u00f6jlighet att undvika nedflyttning. Dessutom beh\u00f6vs en del f\u00f6rst\u00e4rkningar i transferf\u00f6nstret och det f\u00e5r g\u00e4rna ske snabbt! <\/p>\n<p>West Ham har historiskt haft en positiv trend mot Fulham och har vunnit sju av de \u00e5tta senaste hemmamatcherna lagen emellan. Nu blir det dock en pr\u00f6vningarnas tid som sl\u00e5r all vanlig logik \u00e5t sidan och det g\u00e4ller att vi kan ta striden! <\/p>\n<p>Come On You Irons! <\/p>\n","protected":false},"excerpt":{"rendered":"Under l\u00f6rdagseftermiddagen b\u00f6rjar den \u00e5ngestladdade perioden av matcher d\u00e5 po\u00e4ngen m\u00e5ste in f\u00f6r ett h\u00e5rt pressat West Ham.&hellip;\n","protected":false},"author":2,"featured_media":117328,"comment_status":"","ping_status":"","sticky":false,"template":"","format":"standard","meta":{"footnotes":""},"categories":[68],"tags":[159,158,157,138,156,165,164,140,34,160,162,111,110,31,161,33,32,30,163],"class_list":{"0":"post-117327","1":"post","2":"type-post","3":"status-publish","4":"format-standard","5":"has-post-thumbnail","7":"category-sport","8":"tag-allsvenskan","9":"tag-fans","10":"tag-fantv","11":"tag-fotboll","12":"tag-hockey","13":"tag-matcher","14":"tag-matchprogram","15":"tag-premier-league","16":"tag-se","17":"tag-serie-a","18":"tag-spelschema","19":"tag-sport","20":"tag-sports","21":"tag-svenska","22":"tag-svenskafans","23":"tag-sverige","24":"tag-sweden","25":"tag-swedish","26":"tag-tabeller"},"share_on_mastodon":{"url":"https:\/\/pubeurope.com\/@se\/115785286630517464","error":""},"_links":{"self":[{"href":"https:\/\/www.europesays.com\/se\/wp-json\/wp\/v2\/posts\/117327","targetHints":{"allow":["GET"]}}],"collection":[{"href":"https:\/\/www.europesays.com\/se\/wp-json\/wp\/v2\/posts"}],"about":[{"href":"https:\/\/www.europesays.com\/se\/wp-json\/wp\/v2\/types\/post"}],"author":[{"embeddable":true,"href":"https:\/\/www.europesays.com\/se\/wp-json\/wp\/v2\/users\/2"}],"replies":[{"embeddable":true,"href":"https:\/\/www.europesays.com\/se\/wp-json\/wp\/v2\/comments?post=117327"}],"version-history":[{"count":0,"href":"https:\/\/www.europesays.com\/se\/wp-json\/wp\/v2\/posts\/117327\/revisions"}],"wp:featuredmedia":[{"embeddable":true,"href":"https:\/\/www.europesays.com\/se\/wp-json\/wp\/v2\/media\/117328"}],"wp:attachment":[{"href":"https:\/\/www.europesays.com\/se\/wp-json\/wp\/v2\/media?parent=117327"}],"wp:term":[{"taxonomy":"category","embeddable":true,"href":"https:\/\/www.europesays.com\/se\/wp-json\/wp\/v2\/categories?post=117327"},{"taxonomy":"post_tag","embeddable":true,"href":"https:\/\/www.europesays.com\/se\/wp-json\/wp\/v2\/tags?post=117327"}],"curies":[{"name":"wp","href":"https:\/\/api.w.org\/{rel}","templated":true}]}}