{"id":117333,"date":"2025-12-26T10:03:08","date_gmt":"2025-12-26T10:03:08","guid":{"rendered":"https:\/\/www.europesays.com\/se\/117333\/"},"modified":"2025-12-26T10:03:08","modified_gmt":"2025-12-26T10:03:08","slug":"usa-vill-bryta-krypto-vid-zaporizjzja","status":"publish","type":"post","link":"https:\/\/www.europesays.com\/se\/117333\/","title":{"rendered":"USA vill bryta krypto vid Zaporizjzja"},"content":{"rendered":"<p>Rysslands president Vladimir Putin kan t\u00e4nka sig att l\u00e4mna ifr\u00e5n sig vissa ryskkontrollerade omr\u00e5den i Ukraina f\u00f6r att n\u00e5 ett fredsavtal. Men bara p\u00e5 villkoret att hela Donbas blir ryskt. <\/p>\n<p>Uppgifterna rapporteras av Reuters med h\u00e4nvisning till den regimtrogna ryska tidningen Kommersant. Under ett m\u00f6te p\u00e5 julafton ska Putin ha sagt att han \u00e4r villig att f\u00f6rhandla om vissa delar av Zaporizjzja och Cherson s\u00e5 l\u00e4nge hela Donbas hamnar under rysk kontroll. I dagsl\u00e4get kontrollerar Ryssland runt 90 procent av Donbas.<\/p>\n<p>Enligt Kommersant ska Putin ocks\u00e5 ha sagt att USA och Ryssland diskuterar att man ska ha gemensam kontroll \u00f6ver k\u00e4rnkraftverket i Zaporizjzja. Enligt uppgifterna ska USA vara intresserat av att uppr\u00e4tta ett center f\u00f6r kryptominering i n\u00e4rheten.<\/p>\n<p>Omni \u00e4r politiskt obundna och oberoende. Vi str\u00e4var efter att ge fler perspektiv p\u00e5 nyheterna. Har du fr\u00e5gor eller synpunkter kring v\u00e5r rapportering? <a href=\"https:\/\/omni.se\/uppgifter-usa-vill-bryta-krypto-vid-zaporizjzja\/a\/mailto:redaktion@omni.se\" class=\"ArticleActions_contactLink__W2F1M\" rel=\"nofollow noopener\" target=\"_blank\">Kontakta redaktionen<\/a><\/p>\n","protected":false},"excerpt":{"rendered":"Rysslands president Vladimir Putin kan t\u00e4nka sig att l\u00e4mna ifr\u00e5n sig vissa ryskkontrollerade omr\u00e5den i Ukraina f\u00f6r att&hellip;\n","protected":false},"author":2,"featured_media":117334,"comment_status":"","ping_status":"","sticky":false,"template":"","format":"standard","meta":{"footnotes":""},"categories":[14],"tags":[22,23,26,27,17,21,24,25,28,29,15,16,18,480,269,264,34,31,33,32,30,19,20,263,74,51,261,52,53,54],"class_list":{"0":"post-117333","1":"post","2":"type-post","3":"status-publish","4":"format-standard","5":"has-post-thumbnail","7":"category-varlden","8":"tag-breaking-news","9":"tag-breakingnews","10":"tag-featured-news","11":"tag-featurednews","12":"tag-headlines","13":"tag-huvudnyheter","14":"tag-latest-news","15":"tag-latestnews","16":"tag-main-news","17":"tag-mainnews","18":"tag-news","19":"tag-nyheter","20":"tag-rubriker","21":"tag-rysk-politik","22":"tag-ryska-invasionen","23":"tag-ryssland","24":"tag-se","25":"tag-svenska","26":"tag-sverige","27":"tag-sweden","28":"tag-swedish","29":"tag-top-stories","30":"tag-topstories","31":"tag-ukraina","32":"tag-usa","33":"tag-varlden","34":"tag-vladimir-putin","35":"tag-world","36":"tag-world-news","37":"tag-worldnews"},"share_on_mastodon":{"url":"https:\/\/pubeurope.com\/@se\/115785302190796569","error":""},"_links":{"self":[{"href":"https:\/\/www.europesays.com\/se\/wp-json\/wp\/v2\/posts\/117333","targetHints":{"allow":["GET"]}}],"collection":[{"href":"https:\/\/www.europesays.com\/se\/wp-json\/wp\/v2\/posts"}],"about":[{"href":"https:\/\/www.europesays.com\/se\/wp-json\/wp\/v2\/types\/post"}],"author":[{"embeddable":true,"href":"https:\/\/www.europesays.com\/se\/wp-json\/wp\/v2\/users\/2"}],"replies":[{"embeddable":true,"href":"https:\/\/www.europesays.com\/se\/wp-json\/wp\/v2\/comments?post=117333"}],"version-history":[{"count":0,"href":"https:\/\/www.europesays.com\/se\/wp-json\/wp\/v2\/posts\/117333\/revisions"}],"wp:featuredmedia":[{"embeddable":true,"href":"https:\/\/www.europesays.com\/se\/wp-json\/wp\/v2\/media\/117334"}],"wp:attachment":[{"href":"https:\/\/www.europesays.com\/se\/wp-json\/wp\/v2\/media?parent=117333"}],"wp:term":[{"taxonomy":"category","embeddable":true,"href":"https:\/\/www.europesays.com\/se\/wp-json\/wp\/v2\/categories?post=117333"},{"taxonomy":"post_tag","embeddable":true,"href":"https:\/\/www.europesays.com\/se\/wp-json\/wp\/v2\/tags?post=117333"}],"curies":[{"name":"wp","href":"https:\/\/api.w.org\/{rel}","templated":true}]}}