{"id":117343,"date":"2025-12-26T10:12:31","date_gmt":"2025-12-26T10:12:31","guid":{"rendered":"https:\/\/www.europesays.com\/se\/117343\/"},"modified":"2025-12-26T10:12:31","modified_gmt":"2025-12-26T10:12:31","slug":"svd-morgonrapport-trump-attackerat-is-terrorister-i-nigeria-svd","status":"publish","type":"post","link":"https:\/\/www.europesays.com\/se\/117343\/","title":{"rendered":"SvD Morgonrapport: Trump: Attackerat IS-terrorister i Nigeria &#8211; SvD"},"content":{"rendered":"<ol>\n<li><a href=\"https:\/\/news.google.com\/rss\/articles\/CBMieEFVX3lxTFBGUmtoSFVVS29pY2phcVA3VEhnbFdEMlZqX3A3dmFQSlQ5Vy1pUGwyWG00X1ZOeG5aU0xubG1mVnZwa05ZSmF5RkZxQ0JwUWVFeWw1VDNpUTRIR3J2OUxaVkNPTHdVZ1NMSk9DYnh3MUpQV20zSlY2SQ?oc=5\" target=\"_blank\" rel=\"nofollow noopener\">SvD Morgonrapport: Trump: Attackerat IS-terrorister i Nigeria<\/a>&nbsp;&nbsp;SvD<\/li>\n<li><a href=\"https:\/\/news.google.com\/rss\/articles\/CBMikwFBVV95cUxNczlFeEJud192SkNuUmpYTUhpVDhmNUs1YjhtVEprUTJGeUwtZnlQeUFkN1RaZGxOd3FhN2tJal83V3BZRnpVWU5EblI4SUdYT2lxeTM1R01tbEpfVEgxSFg3TWhYVGlKZFR0RHp1ZThHTV9mN1hLdnR5ZnRDcXR5clZ6Ny1WelNRS1RmYXBmcXJlaTg?oc=5\" target=\"_blank\" rel=\"nofollow noopener\">Tv\u00e5 fiskare d\u00f6da \u2013 hittades i vattnet efter stor s\u00f6kinsats<\/a>&nbsp;&nbsp;Aftonbladet<\/li>\n<li><a href=\"https:\/\/news.google.com\/rss\/articles\/CBMilgFBVV95cUxOdDhpdVlVcnhWMkhjblVlbmV6V3N1OWlhUW9xcVdxSFdfNHp3TFpSOXFhMldXenJUTGtRZmlKYWx6M1o1QWo4MFQwazU4RjhTUUwtekg0cE5lcTNrcHBxSE9TUGluNnNzUThKbE9Vb0M1RGkwTHB6Qll5YTJBZmVWRVZQenFlSkxhcmFwUTM4V0xqNk1udVE?oc=5\" target=\"_blank\" rel=\"nofollow noopener\">Tv\u00e5 m\u00e4n omkomna i fiskeolycka i Oxel\u00f6sund<\/a>&nbsp;&nbsp;SVT Nyheter<\/li>\n<li><a href=\"https:\/\/news.google.com\/rss\/articles\/CBMinwFBVV95cUxPMG1rWHpxVlNyenRObVNUYWNNVlRLX2lEVzRqcmJtWHZOWDlnWmUwenhiTlV2TnB5V1IxZS00NGRGcFZsZlZNSkpWYmx3dkdzcWFUeHNVd0hlbnVrMHlrQS1UNDg2V042U2FOZE1fVGdiTGJVcENGZ2NxSWFWN1dHenR2T2trUldYck0tYUF2V0JiTGZXTkVwaUg1TlR2LUE?oc=5\" target=\"_blank\" rel=\"nofollow noopener\">Tv\u00e5 m\u00e4n d\u00f6da \u2013 hittades efter stor s\u00f6kinsats<\/a>&nbsp;&nbsp;SN, S\u00f6dermanlands Nyheter<\/li>\n<li><a href=\"https:\/\/news.google.com\/rss\/articles\/CBMinwFBVV95cUxQUkF6UWtKWnQ2c2hmandvU1BvaEZmYzNPd3U0QXlXSm55OUl3Y1pkNm92WkUzMDVVejNqNVpHUmZfemlEcVdIa0RFdERxaGt2MmN3UEV0aGtFU3hTOXY3QldpTUZ1T2ZDWVpocllyLWUxMVhuQ0tzUDJSNmQ2N2k2eWxHc0t1SHZ2ckU5T21oWkxjOVhScUg4NWVrakl2aFU?oc=5\" target=\"_blank\" rel=\"nofollow noopener\">Tv\u00e5 fiskare hittade d\u00f6da efter stora s\u00f6kinsatsen<\/a>&nbsp;&nbsp;Expressen<\/li>\n<\/ol>\n","protected":false},"excerpt":{"rendered":"SvD Morgonrapport: Trump: Attackerat IS-terrorister i Nigeria&nbsp;&nbsp;SvD Tv\u00e5 fiskare d\u00f6da \u2013 hittades i vattnet efter stor s\u00f6kinsats&nbsp;&nbsp;Aftonbladet Tv\u00e5&hellip;\n","protected":false},"author":2,"featured_media":117344,"comment_status":"","ping_status":"","sticky":false,"template":"","format":"standard","meta":{"footnotes":""},"categories":[12],"tags":[22,23,26,27,17,21,24,25,28,29,15,16,18,34,31,33,32,30,19,20],"class_list":{"0":"post-117343","1":"post","2":"type-post","3":"status-publish","4":"format-standard","5":"has-post-thumbnail","7":"category-sverige","8":"tag-breaking-news","9":"tag-breakingnews","10":"tag-featured-news","11":"tag-featurednews","12":"tag-headlines","13":"tag-huvudnyheter","14":"tag-latest-news","15":"tag-latestnews","16":"tag-main-news","17":"tag-mainnews","18":"tag-news","19":"tag-nyheter","20":"tag-rubriker","21":"tag-se","22":"tag-svenska","23":"tag-sverige","24":"tag-sweden","25":"tag-swedish","26":"tag-top-stories","27":"tag-topstories"},"share_on_mastodon":{"url":"https:\/\/pubeurope.com\/@se\/115785337629475044","error":""},"_links":{"self":[{"href":"https:\/\/www.europesays.com\/se\/wp-json\/wp\/v2\/posts\/117343","targetHints":{"allow":["GET"]}}],"collection":[{"href":"https:\/\/www.europesays.com\/se\/wp-json\/wp\/v2\/posts"}],"about":[{"href":"https:\/\/www.europesays.com\/se\/wp-json\/wp\/v2\/types\/post"}],"author":[{"embeddable":true,"href":"https:\/\/www.europesays.com\/se\/wp-json\/wp\/v2\/users\/2"}],"replies":[{"embeddable":true,"href":"https:\/\/www.europesays.com\/se\/wp-json\/wp\/v2\/comments?post=117343"}],"version-history":[{"count":0,"href":"https:\/\/www.europesays.com\/se\/wp-json\/wp\/v2\/posts\/117343\/revisions"}],"wp:featuredmedia":[{"embeddable":true,"href":"https:\/\/www.europesays.com\/se\/wp-json\/wp\/v2\/media\/117344"}],"wp:attachment":[{"href":"https:\/\/www.europesays.com\/se\/wp-json\/wp\/v2\/media?parent=117343"}],"wp:term":[{"taxonomy":"category","embeddable":true,"href":"https:\/\/www.europesays.com\/se\/wp-json\/wp\/v2\/categories?post=117343"},{"taxonomy":"post_tag","embeddable":true,"href":"https:\/\/www.europesays.com\/se\/wp-json\/wp\/v2\/tags?post=117343"}],"curies":[{"name":"wp","href":"https:\/\/api.w.org\/{rel}","templated":true}]}}