{"id":117346,"date":"2025-12-26T10:19:07","date_gmt":"2025-12-26T10:19:07","guid":{"rendered":"https:\/\/www.europesays.com\/se\/117346\/"},"modified":"2025-12-26T10:19:07","modified_gmt":"2025-12-26T10:19:07","slug":"pierce-brosnans-ovantade-ilska-efter-james-bond-fragan-jag-bryr-mig-inte-ett-dugg","status":"publish","type":"post","link":"https:\/\/www.europesays.com\/se\/117346\/","title":{"rendered":"Pierce Brosnans ov\u00e4ntade ilska efter James Bond-fr\u00e5gan: \u201dJag bryr mig inte ett dugg\u201d"},"content":{"rendered":"\n<p>Publicerad den 26 december 2025 av Metro Mode<\/p>\n<p><strong>Pierce Brosnan \u00e4r f\u00f6r m\u00e5nga synonym med James Bond \u2013 men sj\u00e4lv verkar han allt mindre sugen p\u00e5 att prata om agent 007. Under en intervju med brittiska\u00a0<a href=\"https:\/\/www.aftonbladet.se\/nojesbladet\/a\/e78MAR\/pierce-brosnans-ilska-efter-fragan-om-var-james-bond-skulle-spendera-jul\" rel=\"nofollow noopener\" target=\"_blank\">The Times<\/a>\u00a0tappade sk\u00e5despelaren t\u00e5lamodet n\u00e4r samtalet gled in p\u00e5 hur Bond skulle ha firat jul.<\/strong><\/p>\n<p><img loading=\"lazy\" decoding=\"async\" width=\"1200\" height=\"800\" src=\"https:\/\/www.europesays.com\/se\/wp-content\/uploads\/2025\/12\/pierce-brosnans-ovantade-ilska-efter-james-bond-fragan-jag-bryr-mig-inte-ett-dugg.jpg\" alt=\"\" class=\"wp-image-410857\"\/>Foto: Instagram @piercebrosnanofficial<\/p>\n<p>Och svaret? Det var allt annat \u00e4n festligt.<\/p>\n<p><strong>\u201dVarf\u00f6r skulle jag sl\u00f6sa min tid?\u201d<\/strong><\/p>\n<p>N\u00e4r Brosnan f\u00f6rst fick fr\u00e5gan om James Bond ens skulle uppskatta julen svarade han relativt odramatiskt att han trodde det. Men n\u00e4r reportern f\u00f6ljde upp med\u00a0hur\u00a0Bond skulle ha firat jul, f\u00f6r\u00e4ndrades st\u00e4mningen snabbt.<\/p>\n<p>\u2013 Jag vill egentligen inte svara p\u00e5 fr\u00e5gan, och jag kommer inte att svara p\u00e5 fr\u00e5gan. F\u00f6r jag bryr mig inte ett dugg! Varf\u00f6r skulle jag sl\u00f6sa min tid p\u00e5 att fundera \u00f6ver var James Bond skulle befinna sig p\u00e5 julen? sa Brosnan, m\u00e4rkbart irriterad.<\/p>\n<p>Efter det valde han att styra samtalet bort fr\u00e5n sin ikoniska roll \u2013 och ist\u00e4llet fokusera p\u00e5 sig sj\u00e4lv.<\/p>\n<p><strong>Firar jul l\u00e5ngt fr\u00e5n MI6<\/strong><\/p>\n<p>Hur firar Pierce Brosnan sj\u00e4lv jul d\u00e5? Betydligt lugnare \u00e4n n\u00e5gon Bond-film.<\/p>\n<p>\u2013 Jag vet var Pierce Brosnan kommer att tillbringa julen! Hemma med min fru, p\u00e5 min lilla \u00f6-retreat p\u00e5 Hawaii, ber\u00e4ttade han i intervjun.<\/p>\n<p>Inte direkt vodka martini eller biljakter \u2013 snarare barfotalyx och familjetid.<\/p>\n<p><strong>Bad senare om urs\u00e4kt<\/strong><\/p>\n<p>Efter den n\u00e5got vassa repliken valde Brosnan att be om urs\u00e4kt f\u00f6r sitt utbrott.<\/p>\n<p>\u2013 Jag \u00e4r ledsen att jag inte kan hj\u00e4lpa dig med James Bond. Det \u00e4r n\u00e5got som kommer att forts\u00e4tta tills det \u00e4r \u00f6ver. Sean Connery var likadan. \u201dFr\u00e5ga aldrig! Fr\u00e5ga aldrig\u201d, sa han och fortsatte:<\/p>\n<p>\u2013 Men jag \u00e4r lika nyfiken som alla andra p\u00e5 vem som ska spela Bond h\u00e4rn\u00e4st. Det \u00e4r alltid sp\u00e4nnande.<\/p>\n<p><strong>Har aldrig sett Bond-filmerna med sina s\u00f6ner<\/strong><\/p>\n<p>Under intervjun avsl\u00f6jade Brosnan ocks\u00e5 n\u00e5got som f\u00f6rv\u00e5nar m\u00e5nga fans: han har aldrig sett sina egna Bond-filmer tillsammans med sina s\u00f6ner.<\/p>\n<p>\u2013 Jag vet inte varf\u00f6r. De ligger bara undanlagda, sa han kort.<\/p>\n<p><strong>Fyra filmer som 007<\/strong><\/p>\n<p>Pierce Brosnan spelade James Bond i totalt\u00a0fyra filmer:<\/p>\n<ul class=\"wp-block-list\">\n<li>GoldenEye\u00a0(1995)<\/li>\n<li>Tomorrow Never Dies\u00a0(1997)<\/li>\n<li>The World Is Not Enough\u00a0(1999)<\/li>\n<li>Die Another Day\u00a0(2002)<\/li>\n<\/ul>\n<p>Han tog \u00f6ver rollen efter Timothy Dalton och l\u00e4mnade sedan \u00f6ver stafettpinnen till Daniel Craig. Andra som burit smokingen genom \u00e5ren \u00e4r Sean Connery, George Lazenby och Roger Moore.<\/p>\n<p>Och \u00e4ven om Brosnan numera helst slipper Bond-snacket, r\u00e5der det ingen tvekan om att hans tid som 007 fortfarande v\u00e4cker starka k\u00e4nslor \u2013 b\u00e5de hos publiken och hos honom sj\u00e4lv.\u00a0<\/p>\n","protected":false},"excerpt":{"rendered":"Publicerad den 26 december 2025 av Metro Mode Pierce Brosnan \u00e4r f\u00f6r m\u00e5nga synonym med James Bond \u2013&hellip;\n","protected":false},"author":2,"featured_media":117347,"comment_status":"","ping_status":"","sticky":false,"template":"","format":"standard","meta":{"footnotes":""},"categories":[67],"tags":[104,34,31,33,32,30,105],"class_list":{"0":"post-117346","1":"post","2":"type-post","3":"status-publish","4":"format-standard","5":"has-post-thumbnail","7":"category-underhallning","8":"tag-entertainment","9":"tag-se","10":"tag-svenska","11":"tag-sverige","12":"tag-sweden","13":"tag-swedish","14":"tag-underhallning"},"share_on_mastodon":{"url":"https:\/\/pubeurope.com\/@se\/115785365391127621","error":""},"_links":{"self":[{"href":"https:\/\/www.europesays.com\/se\/wp-json\/wp\/v2\/posts\/117346","targetHints":{"allow":["GET"]}}],"collection":[{"href":"https:\/\/www.europesays.com\/se\/wp-json\/wp\/v2\/posts"}],"about":[{"href":"https:\/\/www.europesays.com\/se\/wp-json\/wp\/v2\/types\/post"}],"author":[{"embeddable":true,"href":"https:\/\/www.europesays.com\/se\/wp-json\/wp\/v2\/users\/2"}],"replies":[{"embeddable":true,"href":"https:\/\/www.europesays.com\/se\/wp-json\/wp\/v2\/comments?post=117346"}],"version-history":[{"count":0,"href":"https:\/\/www.europesays.com\/se\/wp-json\/wp\/v2\/posts\/117346\/revisions"}],"wp:featuredmedia":[{"embeddable":true,"href":"https:\/\/www.europesays.com\/se\/wp-json\/wp\/v2\/media\/117347"}],"wp:attachment":[{"href":"https:\/\/www.europesays.com\/se\/wp-json\/wp\/v2\/media?parent=117346"}],"wp:term":[{"taxonomy":"category","embeddable":true,"href":"https:\/\/www.europesays.com\/se\/wp-json\/wp\/v2\/categories?post=117346"},{"taxonomy":"post_tag","embeddable":true,"href":"https:\/\/www.europesays.com\/se\/wp-json\/wp\/v2\/tags?post=117346"}],"curies":[{"name":"wp","href":"https:\/\/api.w.org\/{rel}","templated":true}]}}