{"id":117351,"date":"2025-12-26T10:26:36","date_gmt":"2025-12-26T10:26:36","guid":{"rendered":"https:\/\/www.europesays.com\/se\/117351\/"},"modified":"2025-12-26T10:26:36","modified_gmt":"2025-12-26T10:26:36","slug":"victor-laz-petas-mot-lulea-i-skelleftea-aik","status":"publish","type":"post","link":"https:\/\/www.europesays.com\/se\/117351\/","title":{"rendered":"Victor Laz petas mot Lule\u00e5 i Skellefte\u00e5 AIK"},"content":{"rendered":"<p>Efter en tung start p\u00e5 s\u00e4songen med fler matcher p\u00e5 l\u00e4ktaren \u00e4n p\u00e5 isen l\u00e5nades Victor Laz i mitten av november ut till Kalmar HC i Hockeyallsvenskan.\u00a0N\u00e4r Valter Lindberg l\u00e4mnade f\u00f6r JVM-l\u00e4ger och Victor Stjernborg fanns p\u00e5 skadelistan valde AIK att kalla hem Laz fr\u00e5n utl\u00e5ningen, och inf\u00f6r uppeh\u00e5llet spelade Laz i matcherna mot Timr\u00e5 och Link\u00f6ping.Nu \u00e4r s\u00e5v\u00e4l Lindberg<\/p>\n","protected":false},"excerpt":{"rendered":"Efter en tung start p\u00e5 s\u00e4songen med fler matcher p\u00e5 l\u00e4ktaren \u00e4n p\u00e5 isen l\u00e5nades Victor Laz i&hellip;\n","protected":false},"author":2,"featured_media":117352,"comment_status":"","ping_status":"","sticky":false,"template":"","format":"standard","meta":{"footnotes":""},"categories":[68],"tags":[34,111,110,31,33,32,30],"class_list":{"0":"post-117351","1":"post","2":"type-post","3":"status-publish","4":"format-standard","5":"has-post-thumbnail","7":"category-sport","8":"tag-se","9":"tag-sport","10":"tag-sports","11":"tag-svenska","12":"tag-sverige","13":"tag-sweden","14":"tag-swedish"},"share_on_mastodon":{"url":"https:\/\/pubeurope.com\/@se\/115785392737251293","error":""},"_links":{"self":[{"href":"https:\/\/www.europesays.com\/se\/wp-json\/wp\/v2\/posts\/117351","targetHints":{"allow":["GET"]}}],"collection":[{"href":"https:\/\/www.europesays.com\/se\/wp-json\/wp\/v2\/posts"}],"about":[{"href":"https:\/\/www.europesays.com\/se\/wp-json\/wp\/v2\/types\/post"}],"author":[{"embeddable":true,"href":"https:\/\/www.europesays.com\/se\/wp-json\/wp\/v2\/users\/2"}],"replies":[{"embeddable":true,"href":"https:\/\/www.europesays.com\/se\/wp-json\/wp\/v2\/comments?post=117351"}],"version-history":[{"count":0,"href":"https:\/\/www.europesays.com\/se\/wp-json\/wp\/v2\/posts\/117351\/revisions"}],"wp:featuredmedia":[{"embeddable":true,"href":"https:\/\/www.europesays.com\/se\/wp-json\/wp\/v2\/media\/117352"}],"wp:attachment":[{"href":"https:\/\/www.europesays.com\/se\/wp-json\/wp\/v2\/media?parent=117351"}],"wp:term":[{"taxonomy":"category","embeddable":true,"href":"https:\/\/www.europesays.com\/se\/wp-json\/wp\/v2\/categories?post=117351"},{"taxonomy":"post_tag","embeddable":true,"href":"https:\/\/www.europesays.com\/se\/wp-json\/wp\/v2\/tags?post=117351"}],"curies":[{"name":"wp","href":"https:\/\/api.w.org\/{rel}","templated":true}]}}