{"id":117353,"date":"2025-12-26T10:27:09","date_gmt":"2025-12-26T10:27:09","guid":{"rendered":"https:\/\/www.europesays.com\/se\/117353\/"},"modified":"2025-12-26T10:27:09","modified_gmt":"2025-12-26T10:27:09","slug":"duo-fran-norrtalje-utmanar-upplands-mest-alskade-idyll","status":"publish","type":"post","link":"https:\/\/www.europesays.com\/se\/117353\/","title":{"rendered":"Duo fr\u00e5n Norrt\u00e4lje utmanar Upplands mest \u00e4lskade idyll"},"content":{"rendered":"<p>PoesiSelene Hellstr\u00f6m och Joanna W\u00e5hlinLiv p\u00e5g\u00e5r \u2013 99 r\u00f6ster i RoslagenBokf\u00f6rlaget Lejd\u00c5r 2019 vann Marit Kapla Augustpriset med boken &#8221;Osebol&#8221;, d\u00e4r hon \u00e5tergav sina samtal med praktiskt taget samtliga 40 inv\u00e5nare i byn Osebol i V\u00e4rmland. Selene Hellstr\u00f6m och Joanna W\u00e5hlin f\u00f6rs\u00f6ker sig p\u00e5 n\u00e5got liknande, fast med Roslagen \u2013 h\u00e4r i stort sett synonymt med Norrt\u00e4lje komm<\/p>\n","protected":false},"excerpt":{"rendered":"PoesiSelene Hellstr\u00f6m och Joanna W\u00e5hlinLiv p\u00e5g\u00e5r \u2013 99 r\u00f6ster i RoslagenBokf\u00f6rlaget Lejd\u00c5r 2019 vann Marit Kapla Augustpriset med&hellip;\n","protected":false},"author":2,"featured_media":117354,"comment_status":"","ping_status":"","sticky":false,"template":"","format":"standard","meta":{"footnotes":""},"categories":[67],"tags":[104,34,31,33,32,30,105],"class_list":{"0":"post-117353","1":"post","2":"type-post","3":"status-publish","4":"format-standard","5":"has-post-thumbnail","7":"category-underhallning","8":"tag-entertainment","9":"tag-se","10":"tag-svenska","11":"tag-sverige","12":"tag-sweden","13":"tag-swedish","14":"tag-underhallning"},"share_on_mastodon":{"url":"https:\/\/pubeurope.com\/@se\/115785396611683627","error":""},"_links":{"self":[{"href":"https:\/\/www.europesays.com\/se\/wp-json\/wp\/v2\/posts\/117353","targetHints":{"allow":["GET"]}}],"collection":[{"href":"https:\/\/www.europesays.com\/se\/wp-json\/wp\/v2\/posts"}],"about":[{"href":"https:\/\/www.europesays.com\/se\/wp-json\/wp\/v2\/types\/post"}],"author":[{"embeddable":true,"href":"https:\/\/www.europesays.com\/se\/wp-json\/wp\/v2\/users\/2"}],"replies":[{"embeddable":true,"href":"https:\/\/www.europesays.com\/se\/wp-json\/wp\/v2\/comments?post=117353"}],"version-history":[{"count":0,"href":"https:\/\/www.europesays.com\/se\/wp-json\/wp\/v2\/posts\/117353\/revisions"}],"wp:featuredmedia":[{"embeddable":true,"href":"https:\/\/www.europesays.com\/se\/wp-json\/wp\/v2\/media\/117354"}],"wp:attachment":[{"href":"https:\/\/www.europesays.com\/se\/wp-json\/wp\/v2\/media?parent=117353"}],"wp:term":[{"taxonomy":"category","embeddable":true,"href":"https:\/\/www.europesays.com\/se\/wp-json\/wp\/v2\/categories?post=117353"},{"taxonomy":"post_tag","embeddable":true,"href":"https:\/\/www.europesays.com\/se\/wp-json\/wp\/v2\/tags?post=117353"}],"curies":[{"name":"wp","href":"https:\/\/api.w.org\/{rel}","templated":true}]}}