{"id":117377,"date":"2025-12-26T11:01:09","date_gmt":"2025-12-26T11:01:09","guid":{"rendered":"https:\/\/www.europesays.com\/se\/117377\/"},"modified":"2025-12-26T11:01:09","modified_gmt":"2025-12-26T11:01:09","slug":"forra-sasongens-poangkung-nara-aterkomst","status":"publish","type":"post","link":"https:\/\/www.europesays.com\/se\/117377\/","title":{"rendered":"F\u00f6rra s\u00e4songens po\u00e4ngkung n\u00e4ra \u00e5terkomst"},"content":{"rendered":"<p>F\u00f6rra s\u00e4songens po\u00e4ngkung i SHL, David Tomasek, \u00e4r n\u00e4ra en \u00e5terkomst till F\u00e4rjestad. Det uppger flera k\u00e4llor f\u00f6r Hockeynews.<\/p>\n<p>Efter SHL-s\u00e4songen gick Tomasek till Edmonton Oilers i NHL d\u00e4r han har haft sv\u00e5rt att sl\u00e5 sig in i laget. Tjecken har inte spelat alls sedan lucia.<\/p>\n<p>\u2013 Jag kan f\u00f6rmodligen alltid f\u00e5 ett jobb i Europa, sa han nyligen till Sportsnet.<\/p>\n<p>Omni \u00e4r politiskt obundna och oberoende. Vi str\u00e4var efter att ge fler perspektiv p\u00e5 nyheterna. Har du fr\u00e5gor eller synpunkter kring v\u00e5r rapportering? <a href=\"https:\/\/omni.se\/uppgifter-forra-sasongens-poangkung-nara-aterkomst\/a\/mailto:redaktion@omni.se\" class=\"ArticleActions_contactLink__W2F1M\" rel=\"nofollow noopener\" target=\"_blank\">Kontakta redaktionen<\/a><\/p>\n","protected":false},"excerpt":{"rendered":"F\u00f6rra s\u00e4songens po\u00e4ngkung i SHL, David Tomasek, \u00e4r n\u00e4ra en \u00e5terkomst till F\u00e4rjestad. Det uppger flera k\u00e4llor f\u00f6r&hellip;\n","protected":false},"author":2,"featured_media":117378,"comment_status":"","ping_status":"","sticky":false,"template":"","format":"standard","meta":{"footnotes":""},"categories":[68],"tags":[4965,4736,1472,34,4110,111,110,31,33,32,30],"class_list":{"0":"post-117377","1":"post","2":"type-post","3":"status-publish","4":"format-standard","5":"has-post-thumbnail","7":"category-sport","8":"tag-edmonton-oilers","9":"tag-farjestad-bk","10":"tag-ishockey","11":"tag-se","12":"tag-shl-svenska-hockeyligan","13":"tag-sport","14":"tag-sports","15":"tag-svenska","16":"tag-sverige","17":"tag-sweden","18":"tag-swedish"},"share_on_mastodon":{"url":"https:\/\/pubeurope.com\/@se\/115785530307500855","error":""},"_links":{"self":[{"href":"https:\/\/www.europesays.com\/se\/wp-json\/wp\/v2\/posts\/117377","targetHints":{"allow":["GET"]}}],"collection":[{"href":"https:\/\/www.europesays.com\/se\/wp-json\/wp\/v2\/posts"}],"about":[{"href":"https:\/\/www.europesays.com\/se\/wp-json\/wp\/v2\/types\/post"}],"author":[{"embeddable":true,"href":"https:\/\/www.europesays.com\/se\/wp-json\/wp\/v2\/users\/2"}],"replies":[{"embeddable":true,"href":"https:\/\/www.europesays.com\/se\/wp-json\/wp\/v2\/comments?post=117377"}],"version-history":[{"count":0,"href":"https:\/\/www.europesays.com\/se\/wp-json\/wp\/v2\/posts\/117377\/revisions"}],"wp:featuredmedia":[{"embeddable":true,"href":"https:\/\/www.europesays.com\/se\/wp-json\/wp\/v2\/media\/117378"}],"wp:attachment":[{"href":"https:\/\/www.europesays.com\/se\/wp-json\/wp\/v2\/media?parent=117377"}],"wp:term":[{"taxonomy":"category","embeddable":true,"href":"https:\/\/www.europesays.com\/se\/wp-json\/wp\/v2\/categories?post=117377"},{"taxonomy":"post_tag","embeddable":true,"href":"https:\/\/www.europesays.com\/se\/wp-json\/wp\/v2\/tags?post=117377"}],"curies":[{"name":"wp","href":"https:\/\/api.w.org\/{rel}","templated":true}]}}