{"id":117400,"date":"2025-12-26T11:39:30","date_gmt":"2025-12-26T11:39:30","guid":{"rendered":"https:\/\/www.europesays.com\/se\/117400\/"},"modified":"2025-12-26T11:39:30","modified_gmt":"2025-12-26T11:39:30","slug":"pengaregn-over-wikingsson-ger-sig-sjalv-59-miljoner","status":"publish","type":"post","link":"https:\/\/www.europesays.com\/se\/117400\/","title":{"rendered":"Pengaregn \u00f6ver Wikingsson \u2013 ger sig sj\u00e4lv 59 miljoner"},"content":{"rendered":"<p>Tv-profilen Fredrik Wikingssons bolag med samma namn minskade oms\u00e4ttningen n\u00e5got under fjol\u00e5ret, samtidigt som vinsten \u00f6kade kraftigt. Det skriver Expressen och h\u00e4nvisar till \u00e5rsredovisningen f\u00f6r r\u00e4kenskaps\u00e5ret 2024\u20132025. Under posten \u201dResultat fr\u00e5n \u00f6vriga finansiella anl\u00e4ggningstillg\u00e5ngar\u201d syns en \u00f6kning med 26 miljoner kronor.<\/p>\n<p>I samband med det f\u00f6resl\u00e5r styrelsen en utdelning p\u00e5 59 miljoner kronor. Det inneb\u00e4r att Wikingsson totalt delat ut omkring 200 miljoner kronor p\u00e5 tv\u00e5 \u00e5r.<\/p>\n<p>Omni \u00e4r politiskt obundna och oberoende. Vi str\u00e4var efter att ge fler perspektiv p\u00e5 nyheterna. Har du fr\u00e5gor eller synpunkter kring v\u00e5r rapportering? <a href=\"https:\/\/omni.se\/miljonregn-over-wikingsson-ger-sig-sjalv-59-miljoner\/a\/mailto:redaktion@omni.se\" class=\"ArticleActions_contactLink__W2F1M\" rel=\"nofollow noopener\" target=\"_blank\">Kontakta redaktionen<\/a><\/p>\n","protected":false},"excerpt":{"rendered":"Tv-profilen Fredrik Wikingssons bolag med samma namn minskade oms\u00e4ttningen n\u00e5got under fjol\u00e5ret, samtidigt som vinsten \u00f6kade kraftigt. Det&hellip;\n","protected":false},"author":2,"featured_media":117401,"comment_status":"","ping_status":"","sticky":false,"template":"","format":"standard","meta":{"footnotes":""},"categories":[65],"tags":[72,70,71,12607,732,34,31,33,32,30],"class_list":{"0":"post-117400","1":"post","2":"type-post","3":"status-publish","4":"format-standard","5":"has-post-thumbnail","7":"category-ekonomi","8":"tag-business","9":"tag-economy","10":"tag-ekonomi","11":"tag-fredrik-wikingsson","12":"tag-media-reklam","13":"tag-se","14":"tag-svenska","15":"tag-sverige","16":"tag-sweden","17":"tag-swedish"},"share_on_mastodon":{"url":"https:\/\/pubeurope.com\/@se\/115785679724165469","error":""},"_links":{"self":[{"href":"https:\/\/www.europesays.com\/se\/wp-json\/wp\/v2\/posts\/117400","targetHints":{"allow":["GET"]}}],"collection":[{"href":"https:\/\/www.europesays.com\/se\/wp-json\/wp\/v2\/posts"}],"about":[{"href":"https:\/\/www.europesays.com\/se\/wp-json\/wp\/v2\/types\/post"}],"author":[{"embeddable":true,"href":"https:\/\/www.europesays.com\/se\/wp-json\/wp\/v2\/users\/2"}],"replies":[{"embeddable":true,"href":"https:\/\/www.europesays.com\/se\/wp-json\/wp\/v2\/comments?post=117400"}],"version-history":[{"count":0,"href":"https:\/\/www.europesays.com\/se\/wp-json\/wp\/v2\/posts\/117400\/revisions"}],"wp:featuredmedia":[{"embeddable":true,"href":"https:\/\/www.europesays.com\/se\/wp-json\/wp\/v2\/media\/117401"}],"wp:attachment":[{"href":"https:\/\/www.europesays.com\/se\/wp-json\/wp\/v2\/media?parent=117400"}],"wp:term":[{"taxonomy":"category","embeddable":true,"href":"https:\/\/www.europesays.com\/se\/wp-json\/wp\/v2\/categories?post=117400"},{"taxonomy":"post_tag","embeddable":true,"href":"https:\/\/www.europesays.com\/se\/wp-json\/wp\/v2\/tags?post=117400"}],"curies":[{"name":"wp","href":"https:\/\/api.w.org\/{rel}","templated":true}]}}