{"id":117424,"date":"2025-12-26T12:05:08","date_gmt":"2025-12-26T12:05:08","guid":{"rendered":"https:\/\/www.europesays.com\/se\/117424\/"},"modified":"2025-12-26T12:05:08","modified_gmt":"2025-12-26T12:05:08","slug":"fem-doda-i-attack-mot-moske-i-syrien","status":"publish","type":"post","link":"https:\/\/www.europesays.com\/se\/117424\/","title":{"rendered":"Fem d\u00f6da i attack mot mosk\u00e9 i Syrien"},"content":{"rendered":"<p>Fem personer har d\u00f6dats i en explosion mot en mosk\u00e9 i den syriska staden Homs, rapporterar Reuters. Ytterligare ett tjugotal har skadats.<\/p>\n<p>Enligt den statliga syriska nyhetsbyr\u00e5n Sana ska n\u00e5got ha detonerat i Imam Ali Bin Abi Talib-mosk\u00e9n. Den ligger i de alawitiska kvarteren i Homs.<\/p>\n<p>Omni \u00e4r politiskt obundna och oberoende. Vi str\u00e4var efter att ge fler perspektiv p\u00e5 nyheterna. Har du fr\u00e5gor eller synpunkter kring v\u00e5r rapportering? <a href=\"https:\/\/omni.se\/fem-doda-i-attack-mot-moske-i-syrien\/a\/mailto:redaktion@omni.se\" class=\"ArticleActions_contactLink__W2F1M\" rel=\"nofollow noopener\" target=\"_blank\">Kontakta redaktionen<\/a><\/p>\n","protected":false},"excerpt":{"rendered":"Fem personer har d\u00f6dats i en explosion mot en mosk\u00e9 i den syriska staden Homs, rapporterar Reuters. Ytterligare&hellip;\n","protected":false},"author":2,"featured_media":117425,"comment_status":"","ping_status":"","sticky":false,"template":"","format":"standard","meta":{"footnotes":""},"categories":[14],"tags":[22,23,26,27,17,21,24,25,28,29,124,15,16,18,34,31,33,32,30,4251,19,20,51,52,53,54],"class_list":{"0":"post-117424","1":"post","2":"type-post","3":"status-publish","4":"format-standard","5":"has-post-thumbnail","7":"category-varlden","8":"tag-breaking-news","9":"tag-breakingnews","10":"tag-featured-news","11":"tag-featurednews","12":"tag-headlines","13":"tag-huvudnyheter","14":"tag-latest-news","15":"tag-latestnews","16":"tag-main-news","17":"tag-mainnews","18":"tag-mellanostern","19":"tag-news","20":"tag-nyheter","21":"tag-rubriker","22":"tag-se","23":"tag-svenska","24":"tag-sverige","25":"tag-sweden","26":"tag-swedish","27":"tag-syrien","28":"tag-top-stories","29":"tag-topstories","30":"tag-varlden","31":"tag-world","32":"tag-world-news","33":"tag-worldnews"},"share_on_mastodon":{"url":"https:\/\/pubeurope.com\/@se\/115785781925616274","error":""},"_links":{"self":[{"href":"https:\/\/www.europesays.com\/se\/wp-json\/wp\/v2\/posts\/117424","targetHints":{"allow":["GET"]}}],"collection":[{"href":"https:\/\/www.europesays.com\/se\/wp-json\/wp\/v2\/posts"}],"about":[{"href":"https:\/\/www.europesays.com\/se\/wp-json\/wp\/v2\/types\/post"}],"author":[{"embeddable":true,"href":"https:\/\/www.europesays.com\/se\/wp-json\/wp\/v2\/users\/2"}],"replies":[{"embeddable":true,"href":"https:\/\/www.europesays.com\/se\/wp-json\/wp\/v2\/comments?post=117424"}],"version-history":[{"count":0,"href":"https:\/\/www.europesays.com\/se\/wp-json\/wp\/v2\/posts\/117424\/revisions"}],"wp:featuredmedia":[{"embeddable":true,"href":"https:\/\/www.europesays.com\/se\/wp-json\/wp\/v2\/media\/117425"}],"wp:attachment":[{"href":"https:\/\/www.europesays.com\/se\/wp-json\/wp\/v2\/media?parent=117424"}],"wp:term":[{"taxonomy":"category","embeddable":true,"href":"https:\/\/www.europesays.com\/se\/wp-json\/wp\/v2\/categories?post=117424"},{"taxonomy":"post_tag","embeddable":true,"href":"https:\/\/www.europesays.com\/se\/wp-json\/wp\/v2\/tags?post=117424"}],"curies":[{"name":"wp","href":"https:\/\/api.w.org\/{rel}","templated":true}]}}