{"id":117443,"date":"2025-12-26T12:34:23","date_gmt":"2025-12-26T12:34:23","guid":{"rendered":"https:\/\/www.europesays.com\/se\/117443\/"},"modified":"2025-12-26T12:34:23","modified_gmt":"2025-12-26T12:34:23","slug":"vill-inte-slappa-in-en-ond-tomte","status":"publish","type":"post","link":"https:\/\/www.europesays.com\/se\/117443\/","title":{"rendered":"Vill inte sl\u00e4ppa in en ond tomte"},"content":{"rendered":"<p>Av Adam Lindh<br \/>Publicerad 25 december, 08:54. Uppdaterad 25 december, 09:58<\/p>\n<p>USA:s president Donald Trump och hans fru Melania Trump firar jul i Florida, d\u00e4r de under onsdagen tog emot samtal fr\u00e5n barn som ringde den amerikanska kommandocentralen Norad. Kommandocentralen f\u00f6ljer varje \u00e5r tomtens f\u00e4rd och l\u00e5ter barn ringa in f\u00f6r att f\u00e5 uppdateringar.<\/p>\n<p>Ett barn fr\u00e5gade Trump varf\u00f6r Norad f\u00f6ljer tomten.<\/p>\n<p>\u2013 Vi vill f\u00f6rs\u00e4kra oss om att han inte \u00e4r infiltrerad, s\u00e5 att vi inte sl\u00e4pper in en ond jultomte i v\u00e5rt land, svarade Trump, enligt Sky News.<\/p>\n<p>Ett annat barn v\u00e4djade till Trump om att slippa kol i sin julstrumpa, skriver The Hill.<\/p>\n<p>\u2013 Inte kol, nej du vill inte ha kol \u2013 du menar rent, vackert kol.<\/p>\n<p>Svaret \u00e4r en anspelning p\u00e5 Trumps m\u00e5nga uttalanden om att han vill \u00f6ka anv\u00e4ndningen av kol, som han ofta beskriver som \u201drent\u201d och \u201dvackert\u201d.<\/p>\n<p>Omni \u00e4r politiskt obundna och oberoende. Vi str\u00e4var efter att ge fler perspektiv p\u00e5 nyheterna. Har du fr\u00e5gor eller synpunkter kring v\u00e5r rapportering? <a href=\"https:\/\/omni.se\/trump-till-barnen-vill-inte-slappa-in-en-ond-tomte\/a\/mailto:redaktion@omni.se\" class=\"ArticleActions_contactLink__W2F1M\" rel=\"nofollow noopener\" target=\"_blank\">Kontakta redaktionen<\/a><\/p>\n","protected":false},"excerpt":{"rendered":"Av Adam LindhPublicerad 25 december, 08:54. Uppdaterad 25 december, 09:58 USA:s president Donald Trump och hans fru Melania&hellip;\n","protected":false},"author":2,"featured_media":117444,"comment_status":"","ping_status":"","sticky":false,"template":"","format":"standard","meta":{"footnotes":""},"categories":[14],"tags":[22,23,385,26,27,17,21,24,25,28,29,1007,15,268,16,18,34,31,33,32,30,19,20,386,74,51,52,53,54],"class_list":{"0":"post-117443","1":"post","2":"type-post","3":"status-publish","4":"format-standard","5":"has-post-thumbnail","7":"category-varlden","8":"tag-breaking-news","9":"tag-breakingnews","10":"tag-donald-trump","11":"tag-featured-news","12":"tag-featurednews","13":"tag-headlines","14":"tag-huvudnyheter","15":"tag-latest-news","16":"tag-latestnews","17":"tag-main-news","18":"tag-mainnews","19":"tag-melania-trump","20":"tag-news","21":"tag-nordamerika","22":"tag-nyheter","23":"tag-rubriker","24":"tag-se","25":"tag-svenska","26":"tag-sverige","27":"tag-sweden","28":"tag-swedish","29":"tag-top-stories","30":"tag-topstories","31":"tag-trumps-usa","32":"tag-usa","33":"tag-varlden","34":"tag-world","35":"tag-world-news","36":"tag-worldnews"},"share_on_mastodon":{"url":"https:\/\/pubeurope.com\/@se\/115785896041103507","error":""},"_links":{"self":[{"href":"https:\/\/www.europesays.com\/se\/wp-json\/wp\/v2\/posts\/117443","targetHints":{"allow":["GET"]}}],"collection":[{"href":"https:\/\/www.europesays.com\/se\/wp-json\/wp\/v2\/posts"}],"about":[{"href":"https:\/\/www.europesays.com\/se\/wp-json\/wp\/v2\/types\/post"}],"author":[{"embeddable":true,"href":"https:\/\/www.europesays.com\/se\/wp-json\/wp\/v2\/users\/2"}],"replies":[{"embeddable":true,"href":"https:\/\/www.europesays.com\/se\/wp-json\/wp\/v2\/comments?post=117443"}],"version-history":[{"count":0,"href":"https:\/\/www.europesays.com\/se\/wp-json\/wp\/v2\/posts\/117443\/revisions"}],"wp:featuredmedia":[{"embeddable":true,"href":"https:\/\/www.europesays.com\/se\/wp-json\/wp\/v2\/media\/117444"}],"wp:attachment":[{"href":"https:\/\/www.europesays.com\/se\/wp-json\/wp\/v2\/media?parent=117443"}],"wp:term":[{"taxonomy":"category","embeddable":true,"href":"https:\/\/www.europesays.com\/se\/wp-json\/wp\/v2\/categories?post=117443"},{"taxonomy":"post_tag","embeddable":true,"href":"https:\/\/www.europesays.com\/se\/wp-json\/wp\/v2\/tags?post=117443"}],"curies":[{"name":"wp","href":"https:\/\/api.w.org\/{rel}","templated":true}]}}