{"id":117450,"date":"2025-12-26T12:43:40","date_gmt":"2025-12-26T12:43:40","guid":{"rendered":"https:\/\/www.europesays.com\/se\/117450\/"},"modified":"2025-12-26T12:43:40","modified_gmt":"2025-12-26T12:43:40","slug":"musk-med-motorsag-gaza-och-trumps-fredssamtal-ett-turbulent-ar-i-bilder","status":"publish","type":"post","link":"https:\/\/www.europesays.com\/se\/117450\/","title":{"rendered":"Musk med motors\u00e5g, Gaza och Trumps fredssamtal \u2013 ett turbulent \u00e5r i bilder"},"content":{"rendered":"<p>Fr\u00e5n brinnande hem i Los Angeles till en motors\u00e5gssvingande Elon Musk \u2013 Bloomberg sammanfattar 2025 i tjugo bilder som speglar ett \u00e5r av dramatik, omv\u00e4lvningar och historiska \u00f6gonb\u2026<\/p>\n<p>The images that Bloomberg photographers took in 20\u2026<\/p>\n<p>Omni \u00e4r politiskt obundna och oberoende. Vi str\u00e4var efter att ge fler perspektiv p\u00e5 nyheterna. Har du fr\u00e5gor eller synpunkter kring v\u00e5r rapportering? <a href=\"https:\/\/omni.se\/musk-med-motorsag-gaza-och-trumps-fredssamtal-ett-turbulent-ar-i-bilder\/a\/mailto:mer@omni.se\" class=\"ArticleActions_contactLink__W2F1M\" rel=\"nofollow noopener\" target=\"_blank\">Kontakta redaktionen<\/a><\/p>\n","protected":false},"excerpt":{"rendered":"Fr\u00e5n brinnande hem i Los Angeles till en motors\u00e5gssvingande Elon Musk \u2013 Bloomberg sammanfattar 2025 i tjugo bilder&hellip;\n","protected":false},"author":2,"featured_media":117451,"comment_status":"","ping_status":"","sticky":false,"template":"","format":"standard","meta":{"footnotes":""},"categories":[12],"tags":[2193,22,23,26,27,17,21,24,25,28,29,15,16,5037,18,34,31,33,32,30,12612,19,20],"class_list":{"0":"post-117450","1":"post","2":"type-post","3":"status-publish","4":"format-standard","5":"has-post-thumbnail","7":"category-sverige","8":"tag-omni-mer","9":"tag-breaking-news","10":"tag-breakingnews","11":"tag-featured-news","12":"tag-featurednews","13":"tag-headlines","14":"tag-huvudnyheter","15":"tag-latest-news","16":"tag-latestnews","17":"tag-main-news","18":"tag-mainnews","19":"tag-news","20":"tag-nyheter","21":"tag-omni-mer-internationell-fordjupning","22":"tag-rubriker","23":"tag-se","24":"tag-svenska","25":"tag-sverige","26":"tag-sweden","27":"tag-swedish","28":"tag-the-wall-street-journal","29":"tag-top-stories","30":"tag-topstories"},"share_on_mastodon":{"url":"https:\/\/pubeurope.com\/@se\/115785931419279147","error":""},"_links":{"self":[{"href":"https:\/\/www.europesays.com\/se\/wp-json\/wp\/v2\/posts\/117450","targetHints":{"allow":["GET"]}}],"collection":[{"href":"https:\/\/www.europesays.com\/se\/wp-json\/wp\/v2\/posts"}],"about":[{"href":"https:\/\/www.europesays.com\/se\/wp-json\/wp\/v2\/types\/post"}],"author":[{"embeddable":true,"href":"https:\/\/www.europesays.com\/se\/wp-json\/wp\/v2\/users\/2"}],"replies":[{"embeddable":true,"href":"https:\/\/www.europesays.com\/se\/wp-json\/wp\/v2\/comments?post=117450"}],"version-history":[{"count":0,"href":"https:\/\/www.europesays.com\/se\/wp-json\/wp\/v2\/posts\/117450\/revisions"}],"wp:featuredmedia":[{"embeddable":true,"href":"https:\/\/www.europesays.com\/se\/wp-json\/wp\/v2\/media\/117451"}],"wp:attachment":[{"href":"https:\/\/www.europesays.com\/se\/wp-json\/wp\/v2\/media?parent=117450"}],"wp:term":[{"taxonomy":"category","embeddable":true,"href":"https:\/\/www.europesays.com\/se\/wp-json\/wp\/v2\/categories?post=117450"},{"taxonomy":"post_tag","embeddable":true,"href":"https:\/\/www.europesays.com\/se\/wp-json\/wp\/v2\/tags?post=117450"}],"curies":[{"name":"wp","href":"https:\/\/api.w.org\/{rel}","templated":true}]}}