{"id":117456,"date":"2025-12-26T12:49:09","date_gmt":"2025-12-26T12:49:09","guid":{"rendered":"https:\/\/www.europesays.com\/se\/117456\/"},"modified":"2025-12-26T12:49:09","modified_gmt":"2025-12-26T12:49:09","slug":"matkris-i-ryssland-chockhojda-priser","status":"publish","type":"post","link":"https:\/\/www.europesays.com\/se\/117456\/","title":{"rendered":"Matkris i Ryssland &#8211; chockh\u00f6jda priser"},"content":{"rendered":"<p>Matpriserna galopperar i Ryssland p\u00e5 grund av kriget.<\/p>\n<p>31 procent av ryssarna har inte r\u00e5d att k\u00f6pa mat s\u00e5 antalet butiker \u201df\u00f6r fattiga\u201d \u00f6kar, rapporterar ryska medier.<\/p>\n<p>Och kanske v\u00e4rst av allt, det har blivit 235 procent dyrare att tillaga den klassiska ryska potatissalladen Olivier det senaste \u00e5ret.<\/p>\n<p>Seniorekonomen: \u201dAldrig varit med om ett s\u00e5 dramatiskt \u00e5r\u201d<img loading=\"lazy\"   alt=\"\"\/><\/p>\n<p>Vladimir Putin.<\/p>\n<p>Foto: MIKHAIL METZEL \/ AP TT NYHETSBYR\u00c5N<\/p>\n<p>\u00d6ppna bild i helsk\u00e4rm<img loading=\"lazy\"   alt=\"\"\/><\/p>\n<p>Julmarknad i Moskva.<\/p>\n<p>Foto: AA \/ STELLA PICTURES<\/p>\n<p>\u00d6ppna bild i helsk\u00e4rm<\/p>\n<p>Nu b\u00f6rjar ryssarna k\u00e4nna av de ekonomiska konsekvenserna av Ukrainakriget. Sanktioner och \u00f6kande inflation v\u00e5llar matkris i <a href=\"https:\/\/www.expressen.se\/tagg\/location\/ryssland\/\" class=\"\" rel=\"nofollow noopener\" target=\"_blank\">Ryssland<\/a>.<\/p>\n<p>Matpriserna chockh\u00f6js, allt fler vanliga livsmedelsbutiker st\u00e4ngs och ers\u00e4tts av l\u00e5gprisbutiker \u201df\u00f6r fattiga\u201d, <a href=\"https:\/\/ru.themoscowtimes.com\/2025\/12\/24\/rossiyane-nachali-vihodit-na-odinochnie-piketi-iz-za-rosta-tsen-na-produkti-a183680\" rel=\"nofollow noopener\" target=\"_blank\">rapporterar Moscow News.<\/a><\/p>\n<p>Samtidigt st\u00e4ngs m\u00e5nga restauranger och kaf\u00e9er p\u00e5 grund av krisen.<\/p>\n<p>Enstaka protestdemonstrationer f\u00f6rekommer i regioner som Ivanovo, Altai Krai och Nenets \u2013 och aktivister anklagar den ryska centralbankens finanspolitik f\u00f6r att ligga bakom krisen.\u00a0<\/p>\n<p>Salladen \u00f6kar 235 procent<\/p>\n<p>Demonstranter h\u00e5ller upp skyltar med texter som \u201dTack vare Centralbanken! Priset p\u00e5 Oliviersallad har g\u00e5tt upp 235 procent!!!\u201d.<\/p>\n<p>Oliviersallad \u00e4r den klassiska kr\u00e4miga potatis- och legymsalladen, en delikatess p\u00e5 m\u00e5nga ryska bord vars ingredienser nu har blivit mycket dyrare.<\/p>\n<p>Enligt officiell statistik har prisniv\u00e5n i Ryssland \u00f6kat med runt 40 procent sedan Ukrainakriget br\u00f6t ut. Men enligt m\u00e5nga ryssar har priserna g\u00e5tt upp \u00e4nnu mer, skriver Moscow News.<\/p>\n<p>\u2013 Mina utgifter i mataff\u00e4ren har \u00e5tminstone f\u00f6rdubblats de senaste \u00e5ren, s\u00e4ger Denis, 40, som bor i Tambov, till Bloomberg.<\/p>\n<p>31 procent har inte r\u00e5d<\/p>\n<p>Enligt officiell statistik har prisniv\u00e5n i Ryssland \u00f6kat med runt 40 procent sedan Ukrainakriget br\u00f6t ut.\u00a0<\/p>\n<p>En <a href=\"https:\/\/ru.themoscowtimes.com\/2025\/10\/27\/tret-rossiyan-zayavili-onehvatke-deneg-naedu-a178386\" rel=\"nofollow noopener\" target=\"_blank\">opinionsm\u00e4tning visar<\/a> att 31 procent av ryssarna inte har r\u00e5d att k\u00f6pa mat. Mot den bakgrunden st\u00e4ngs m\u00e5nga st\u00f6rre livsmedelsaff\u00e4rer. L\u00e5gprisbutiker har redan \u00f6ver 60 procent av marknaden, enligt Moscow News.<\/p>\n<p>Enligt prognoser kommer ryssarna att handla mindre under n\u00e4sta \u00e5r. Samtidigt \u00f6kar skatteb\u00f6rdan, momsen g\u00e5r upp till 22 procent vid \u00e5rsskiftet.<\/p>\n<p>Ocks\u00e5 <a href=\"https:\/\/ru.themoscowtimes.com\/2025\/12\/24\/v-rossii-vpervie-s-nachala-voini-nachali-tisyachami-zakrivatsya-kafe-restorani-sushi-bari-i-pitstserii-a183617\" rel=\"nofollow noopener\" target=\"_blank\">restaurangbranschen uttrycker oro. <\/a>Antalet restauranger och kaf\u00e9er minskade med 3,1 procent i \u00e5r. Detta f\u00f6r att ryssarna inte har r\u00e5d att \u00e4ta ute lika mycket som tidigare.<\/p>\n<p><strong>L\u00c4S MER: <\/strong><a href=\"https:\/\/www.expressen.se\/nyheter\/varlden\/ryska-barnkrisen-vill-ha-babyboom\/\" class=\"\" rel=\"nofollow noopener\" target=\"_blank\">Ryska barnkrisen: Vill ha babyboom<\/a><strong>L\u00c4S MER: <\/strong><a href=\"https:\/\/www.expressen.se\/nyheter\/varlden\/putins-mardrom--majoritet-valdigt--trotta-pa-kriget\/\" class=\"\" rel=\"nofollow noopener\" target=\"_blank\">Putins mardr\u00f6m: Majoritet \u201dv\u00e4ldigt tr\u00f6tta\u201d p\u00e5 kriget i Ukraina<\/a><strong>L\u00c4S MER: <\/strong><a href=\"https:\/\/www.expressen.se\/nyheter\/varlden\/ryssland-nara-en-massiv-kris-perfekt-storm\/\" class=\"\" rel=\"nofollow noopener\" target=\"_blank\">Ryssland n\u00e4ra en massiv kris:\u201dPerfekt storm\u201d<\/a><\/p>\n","protected":false},"excerpt":{"rendered":"Matpriserna galopperar i Ryssland p\u00e5 grund av kriget. 31 procent av ryssarna har inte r\u00e5d att k\u00f6pa mat&hellip;\n","protected":false},"author":2,"featured_media":117457,"comment_status":"","ping_status":"","sticky":false,"template":"","format":"standard","meta":{"footnotes":""},"categories":[65],"tags":[72,70,71,274,202,276,34,55,31,33,32,30,60],"class_list":{"0":"post-117456","1":"post","2":"type-post","3":"status-publish","4":"format-standard","5":"has-post-thumbnail","7":"category-ekonomi","8":"tag-business","9":"tag-economy","10":"tag-ekonomi","11":"tag-location-ryssland","12":"tag-location-ukraina","13":"tag-newsstory-kriget-i-ukraina","14":"tag-se","15":"tag-sections-varlden","16":"tag-svenska","17":"tag-sverige","18":"tag-sweden","19":"tag-swedish","20":"tag-topic-krig-konflikt"},"share_on_mastodon":{"url":"https:\/\/pubeurope.com\/@se\/115785954989331678","error":""},"_links":{"self":[{"href":"https:\/\/www.europesays.com\/se\/wp-json\/wp\/v2\/posts\/117456","targetHints":{"allow":["GET"]}}],"collection":[{"href":"https:\/\/www.europesays.com\/se\/wp-json\/wp\/v2\/posts"}],"about":[{"href":"https:\/\/www.europesays.com\/se\/wp-json\/wp\/v2\/types\/post"}],"author":[{"embeddable":true,"href":"https:\/\/www.europesays.com\/se\/wp-json\/wp\/v2\/users\/2"}],"replies":[{"embeddable":true,"href":"https:\/\/www.europesays.com\/se\/wp-json\/wp\/v2\/comments?post=117456"}],"version-history":[{"count":0,"href":"https:\/\/www.europesays.com\/se\/wp-json\/wp\/v2\/posts\/117456\/revisions"}],"wp:featuredmedia":[{"embeddable":true,"href":"https:\/\/www.europesays.com\/se\/wp-json\/wp\/v2\/media\/117457"}],"wp:attachment":[{"href":"https:\/\/www.europesays.com\/se\/wp-json\/wp\/v2\/media?parent=117456"}],"wp:term":[{"taxonomy":"category","embeddable":true,"href":"https:\/\/www.europesays.com\/se\/wp-json\/wp\/v2\/categories?post=117456"},{"taxonomy":"post_tag","embeddable":true,"href":"https:\/\/www.europesays.com\/se\/wp-json\/wp\/v2\/tags?post=117456"}],"curies":[{"name":"wp","href":"https:\/\/api.w.org\/{rel}","templated":true}]}}