{"id":117469,"date":"2025-12-26T13:13:14","date_gmt":"2025-12-26T13:13:14","guid":{"rendered":"https:\/\/www.europesays.com\/se\/117469\/"},"modified":"2025-12-26T13:13:14","modified_gmt":"2025-12-26T13:13:14","slug":"iphones-saljs-i-gaza-medan-mat-och-medicin-saknas","status":"publish","type":"post","link":"https:\/\/www.europesays.com\/se\/117469\/","title":{"rendered":"Iphones s\u00e4ljs i Gaza \u2013 medan mat och medicin saknas"},"content":{"rendered":"<p>Nya Iphone-modeller s\u00e4ljs \u00f6ppet i Gaza \u2013 samtidigt som bristen p\u00e5 mat, mediciner och t\u00e4lt best\u00e5r. I tillf\u00e4lliga butiker erbjuds Iphone 17 Pro och andra mobiltelefoner till kraftiga \u00f6verpriser, rapporterar NBC News.<\/p>\n<p>Kontrasten v\u00e4cker frustration hos b\u00e5de inv\u00e5nare och hj\u00e4lporganisationer. Enligt experter beror det p\u00e5 att mobiltelefoner \u00e4r sm\u00e5, l\u00f6nsamma och l\u00e4ttare att f\u00e5 igenom Israels gr\u00e4nskontroller \u00e4n humanit\u00e4rt bist\u00e5nd. Trots att infl\u00f6det av n\u00f6dhj\u00e4lp har \u00f6kat under den sk\u00f6ra vapenvilan uppger FN att viktiga f\u00f6rn\u00f6denheter fortfarande stoppas eller f\u00f6rsenas.<\/p>\n<p>\u2013 Vi har inte r\u00e5d med mat, hur ska vi ha r\u00e5d med telefoner? s\u00e4ger 52-\u00e5rige trebarnspappan, Samir Kamal Awad Abou Dakaa, till tv-kanalen. <\/p>\n<p>Samtidigt \u00e4r mobiltelefoner f\u00f6r m\u00e5nga i Gaza avg\u00f6rande f\u00f6r utbildning, kommunikation och tillg\u00e5ng till nyheter i ett omr\u00e5de d\u00e4r el och internet \u00e4r kraftigt begr\u00e4nsade.<\/p>\n<p>Omni \u00e4r politiskt obundna och oberoende. Vi str\u00e4var efter att ge fler perspektiv p\u00e5 nyheterna. Har du fr\u00e5gor eller synpunkter kring v\u00e5r rapportering? <a href=\"https:\/\/omni.se\/iphones-saljs-i-gaza-medan-mat-och-medicin-saknas\/a\/mailto:redaktion@omni.se\" class=\"ArticleActions_contactLink__W2F1M\" rel=\"nofollow noopener\" target=\"_blank\">Kontakta redaktionen<\/a><\/p>\n","protected":false},"excerpt":{"rendered":"Nya Iphone-modeller s\u00e4ljs \u00f6ppet i Gaza \u2013 samtidigt som bristen p\u00e5 mat, mediciner och t\u00e4lt best\u00e5r. I tillf\u00e4lliga&hellip;\n","protected":false},"author":2,"featured_media":117470,"comment_status":"","ping_status":"","sticky":false,"template":"","format":"standard","meta":{"footnotes":""},"categories":[5],"tags":[22,23,26,27,121,17,21,24,25,28,29,124,125,15,16,123,18,34,31,33,32,30,19,20],"class_list":{"0":"post-117469","1":"post","2":"type-post","3":"status-publish","4":"format-standard","5":"has-post-thumbnail","7":"category-rubriker","8":"tag-breaking-news","9":"tag-breakingnews","10":"tag-featured-news","11":"tag-featurednews","12":"tag-gaza","13":"tag-headlines","14":"tag-huvudnyheter","15":"tag-latest-news","16":"tag-latestnews","17":"tag-main-news","18":"tag-mainnews","19":"tag-mellanostern","20":"tag-mellanosternkrisen","21":"tag-news","22":"tag-nyheter","23":"tag-palestina","24":"tag-rubriker","25":"tag-se","26":"tag-svenska","27":"tag-sverige","28":"tag-sweden","29":"tag-swedish","30":"tag-top-stories","31":"tag-topstories"},"share_on_mastodon":{"url":"https:\/\/pubeurope.com\/@se\/115786049345542392","error":""},"_links":{"self":[{"href":"https:\/\/www.europesays.com\/se\/wp-json\/wp\/v2\/posts\/117469","targetHints":{"allow":["GET"]}}],"collection":[{"href":"https:\/\/www.europesays.com\/se\/wp-json\/wp\/v2\/posts"}],"about":[{"href":"https:\/\/www.europesays.com\/se\/wp-json\/wp\/v2\/types\/post"}],"author":[{"embeddable":true,"href":"https:\/\/www.europesays.com\/se\/wp-json\/wp\/v2\/users\/2"}],"replies":[{"embeddable":true,"href":"https:\/\/www.europesays.com\/se\/wp-json\/wp\/v2\/comments?post=117469"}],"version-history":[{"count":0,"href":"https:\/\/www.europesays.com\/se\/wp-json\/wp\/v2\/posts\/117469\/revisions"}],"wp:featuredmedia":[{"embeddable":true,"href":"https:\/\/www.europesays.com\/se\/wp-json\/wp\/v2\/media\/117470"}],"wp:attachment":[{"href":"https:\/\/www.europesays.com\/se\/wp-json\/wp\/v2\/media?parent=117469"}],"wp:term":[{"taxonomy":"category","embeddable":true,"href":"https:\/\/www.europesays.com\/se\/wp-json\/wp\/v2\/categories?post=117469"},{"taxonomy":"post_tag","embeddable":true,"href":"https:\/\/www.europesays.com\/se\/wp-json\/wp\/v2\/tags?post=117469"}],"curies":[{"name":"wp","href":"https:\/\/api.w.org\/{rel}","templated":true}]}}