{"id":117473,"date":"2025-12-26T13:16:08","date_gmt":"2025-12-26T13:16:08","guid":{"rendered":"https:\/\/www.europesays.com\/se\/117473\/"},"modified":"2025-12-26T13:16:08","modified_gmt":"2025-12-26T13:16:08","slug":"star-for-att-leda-melodifestivalen","status":"publish","type":"post","link":"https:\/\/www.europesays.com\/se\/117473\/","title":{"rendered":"St\u00e5r f\u00f6r att leda Melodifestivalen"},"content":{"rendered":"<p>Gina Dirawi ska leda Melodifestivalen 2026 trots debatten om att Israel till\u00e5ts medverka i Eurovision Song Contest. I ett inl\u00e4gg p\u00e5 Facebook skriver hon att hon f\u00f6rst\u00e5r inv\u00e4ndningarna, men betonar att hon tackat ja till Melodifestivalen \u2013 inte Eurovision, rapporterar Aftonbladet.<\/p>\n<p>Dirawi, som har palestinska r\u00f6tter och som tidigare uppm\u00e4rksammats f\u00f6r sin kritik mot Israel, skriver att hennes identitet och engagemang f\u00f6r m\u00e4nskliga r\u00e4ttigheter genomsyrar allt hon g\u00f6r. Samtidigt menar hon att hennes medverkan handlar om representation.<\/p>\n<p>\u201dMello \u00e4r en spegel av Sverige. Palestinier f\u00e5r inte saknas i den spegelbilden\u201d, skriver hon.<\/p>\n<p>Omni \u00e4r politiskt obundna och oberoende. Vi str\u00e4var efter att ge fler perspektiv p\u00e5 nyheterna. Har du fr\u00e5gor eller synpunkter kring v\u00e5r rapportering? <a href=\"https:\/\/omni.se\/gina-dirawi-star-for-att-leda-melodifestivalen\/a\/mailto:redaktion@omni.se\" class=\"ArticleActions_contactLink__W2F1M\" rel=\"nofollow noopener\" target=\"_blank\">Kontakta redaktionen<\/a><\/p>\n","protected":false},"excerpt":{"rendered":"Gina Dirawi ska leda Melodifestivalen 2026 trots debatten om att Israel till\u00e5ts medverka i Eurovision Song Contest. I&hellip;\n","protected":false},"author":2,"featured_media":117474,"comment_status":"","ping_status":"","sticky":false,"template":"","format":"standard","meta":{"footnotes":""},"categories":[67],"tags":[104,4049,342,4050,172,34,31,33,32,30,105],"class_list":{"0":"post-117473","1":"post","2":"type-post","3":"status-publish","4":"format-standard","5":"has-post-thumbnail","7":"category-underhallning","8":"tag-entertainment","9":"tag-gina-dirawi","10":"tag-israel","11":"tag-melodifestivalen","12":"tag-musik","13":"tag-se","14":"tag-svenska","15":"tag-sverige","16":"tag-sweden","17":"tag-swedish","18":"tag-underhallning"},"share_on_mastodon":{"url":"https:\/\/pubeurope.com\/@se\/115786061150014241","error":""},"_links":{"self":[{"href":"https:\/\/www.europesays.com\/se\/wp-json\/wp\/v2\/posts\/117473","targetHints":{"allow":["GET"]}}],"collection":[{"href":"https:\/\/www.europesays.com\/se\/wp-json\/wp\/v2\/posts"}],"about":[{"href":"https:\/\/www.europesays.com\/se\/wp-json\/wp\/v2\/types\/post"}],"author":[{"embeddable":true,"href":"https:\/\/www.europesays.com\/se\/wp-json\/wp\/v2\/users\/2"}],"replies":[{"embeddable":true,"href":"https:\/\/www.europesays.com\/se\/wp-json\/wp\/v2\/comments?post=117473"}],"version-history":[{"count":0,"href":"https:\/\/www.europesays.com\/se\/wp-json\/wp\/v2\/posts\/117473\/revisions"}],"wp:featuredmedia":[{"embeddable":true,"href":"https:\/\/www.europesays.com\/se\/wp-json\/wp\/v2\/media\/117474"}],"wp:attachment":[{"href":"https:\/\/www.europesays.com\/se\/wp-json\/wp\/v2\/media?parent=117473"}],"wp:term":[{"taxonomy":"category","embeddable":true,"href":"https:\/\/www.europesays.com\/se\/wp-json\/wp\/v2\/categories?post=117473"},{"taxonomy":"post_tag","embeddable":true,"href":"https:\/\/www.europesays.com\/se\/wp-json\/wp\/v2\/tags?post=117473"}],"curies":[{"name":"wp","href":"https:\/\/api.w.org\/{rel}","templated":true}]}}