{"id":117479,"date":"2025-12-26T13:20:20","date_gmt":"2025-12-26T13:20:20","guid":{"rendered":"https:\/\/www.europesays.com\/se\/117479\/"},"modified":"2025-12-26T13:20:20","modified_gmt":"2025-12-26T13:20:20","slug":"larm-om-brand-i-byggnad-avblast","status":"publish","type":"post","link":"https:\/\/www.europesays.com\/se\/117479\/","title":{"rendered":"Larm om brand i byggnad avbl\u00e5st"},"content":{"rendered":"<p>Enligt de f\u00f6rsta uppgifterna ska det r\u00f6ra sig om brand i en l\u00e4genhet i ett flerfamiljshus i Bure\u00e5.\u00a0\u2013 Det \u00e4r disigt i en l\u00e4genhet men man hittar ingen k\u00e4lla. R\u00e4ddningstj\u00e4nsten \u00e4r p\u00e5 plats och unders\u00f6ker vad det kan r\u00f6ra sig om, s\u00e4ger SOS larmoperat\u00f6r.\u00a0Uppdaterad 10.30:\u00a0\u2013 Det var ingenting som brann, men det var lite oklart f\u00f6r det var en brandvarnare som tj\u00f6t, uppger m<\/p>\n","protected":false},"excerpt":{"rendered":"Enligt de f\u00f6rsta uppgifterna ska det r\u00f6ra sig om brand i en l\u00e4genhet i ett flerfamiljshus i Bure\u00e5.\u00a0\u2013&hellip;\n","protected":false},"author":2,"featured_media":16712,"comment_status":"","ping_status":"","sticky":false,"template":"","format":"standard","meta":{"footnotes":""},"categories":[12],"tags":[22,23,26,27,17,21,24,25,28,29,15,16,18,34,31,33,32,30,19,20],"class_list":{"0":"post-117479","1":"post","2":"type-post","3":"status-publish","4":"format-standard","5":"has-post-thumbnail","7":"category-sverige","8":"tag-breaking-news","9":"tag-breakingnews","10":"tag-featured-news","11":"tag-featurednews","12":"tag-headlines","13":"tag-huvudnyheter","14":"tag-latest-news","15":"tag-latestnews","16":"tag-main-news","17":"tag-mainnews","18":"tag-news","19":"tag-nyheter","20":"tag-rubriker","21":"tag-se","22":"tag-svenska","23":"tag-sverige","24":"tag-sweden","25":"tag-swedish","26":"tag-top-stories","27":"tag-topstories"},"share_on_mastodon":{"url":"https:\/\/pubeurope.com\/@se\/115786076946597174","error":""},"_links":{"self":[{"href":"https:\/\/www.europesays.com\/se\/wp-json\/wp\/v2\/posts\/117479","targetHints":{"allow":["GET"]}}],"collection":[{"href":"https:\/\/www.europesays.com\/se\/wp-json\/wp\/v2\/posts"}],"about":[{"href":"https:\/\/www.europesays.com\/se\/wp-json\/wp\/v2\/types\/post"}],"author":[{"embeddable":true,"href":"https:\/\/www.europesays.com\/se\/wp-json\/wp\/v2\/users\/2"}],"replies":[{"embeddable":true,"href":"https:\/\/www.europesays.com\/se\/wp-json\/wp\/v2\/comments?post=117479"}],"version-history":[{"count":0,"href":"https:\/\/www.europesays.com\/se\/wp-json\/wp\/v2\/posts\/117479\/revisions"}],"wp:featuredmedia":[{"embeddable":true,"href":"https:\/\/www.europesays.com\/se\/wp-json\/wp\/v2\/media\/16712"}],"wp:attachment":[{"href":"https:\/\/www.europesays.com\/se\/wp-json\/wp\/v2\/media?parent=117479"}],"wp:term":[{"taxonomy":"category","embeddable":true,"href":"https:\/\/www.europesays.com\/se\/wp-json\/wp\/v2\/categories?post=117479"},{"taxonomy":"post_tag","embeddable":true,"href":"https:\/\/www.europesays.com\/se\/wp-json\/wp\/v2\/tags?post=117479"}],"curies":[{"name":"wp","href":"https:\/\/api.w.org\/{rel}","templated":true}]}}