{"id":117489,"date":"2025-12-26T13:28:23","date_gmt":"2025-12-26T13:28:23","guid":{"rendered":"https:\/\/www.europesays.com\/se\/117489\/"},"modified":"2025-12-26T13:28:23","modified_gmt":"2025-12-26T13:28:23","slug":"johan-27-flyttade-fran-eskilstuna-bor-i-en-husbil","status":"publish","type":"post","link":"https:\/\/www.europesays.com\/se\/117489\/","title":{"rendered":"Johan, 27, flyttade fr\u00e5n Eskilstuna \u2013 bor i en husbil"},"content":{"rendered":"<p>Under torsdagskv\u00e4llen \u00e4gde den stora festv\u00e4llen rum \u2013 n\u00e4mligen juldagen.I vimlet tr\u00e4ffade Eskilstuna-Kuriren pingisproffset Johan Barius, som var d\u00e4r tillsammans med Inaz Hamzic.Johan Barius \u00e4r proffs i klubben Kosta Boda. Han f\u00f6ddes i Eskilstuna, men flyttade till K\u00f6ping och pingisgymnasiet n\u00e4r han var 16 \u00e5r gammal.Men.P\u00e5 juldagen var han tillbaka i Eskilstuna.Han be<\/p>\n","protected":false},"excerpt":{"rendered":"Under torsdagskv\u00e4llen \u00e4gde den stora festv\u00e4llen rum \u2013 n\u00e4mligen juldagen.I vimlet tr\u00e4ffade Eskilstuna-Kuriren pingisproffset Johan Barius, som var&hellip;\n","protected":false},"author":2,"featured_media":117490,"comment_status":"","ping_status":"","sticky":false,"template":"","format":"standard","meta":{"footnotes":""},"categories":[12],"tags":[22,23,26,27,17,21,24,25,28,29,15,16,18,34,31,33,32,30,19,20],"class_list":{"0":"post-117489","1":"post","2":"type-post","3":"status-publish","4":"format-standard","5":"has-post-thumbnail","7":"category-sverige","8":"tag-breaking-news","9":"tag-breakingnews","10":"tag-featured-news","11":"tag-featurednews","12":"tag-headlines","13":"tag-huvudnyheter","14":"tag-latest-news","15":"tag-latestnews","16":"tag-main-news","17":"tag-mainnews","18":"tag-news","19":"tag-nyheter","20":"tag-rubriker","21":"tag-se","22":"tag-svenska","23":"tag-sverige","24":"tag-sweden","25":"tag-swedish","26":"tag-top-stories","27":"tag-topstories"},"share_on_mastodon":{"url":"https:\/\/pubeurope.com\/@se\/115786108337813448","error":""},"_links":{"self":[{"href":"https:\/\/www.europesays.com\/se\/wp-json\/wp\/v2\/posts\/117489","targetHints":{"allow":["GET"]}}],"collection":[{"href":"https:\/\/www.europesays.com\/se\/wp-json\/wp\/v2\/posts"}],"about":[{"href":"https:\/\/www.europesays.com\/se\/wp-json\/wp\/v2\/types\/post"}],"author":[{"embeddable":true,"href":"https:\/\/www.europesays.com\/se\/wp-json\/wp\/v2\/users\/2"}],"replies":[{"embeddable":true,"href":"https:\/\/www.europesays.com\/se\/wp-json\/wp\/v2\/comments?post=117489"}],"version-history":[{"count":0,"href":"https:\/\/www.europesays.com\/se\/wp-json\/wp\/v2\/posts\/117489\/revisions"}],"wp:featuredmedia":[{"embeddable":true,"href":"https:\/\/www.europesays.com\/se\/wp-json\/wp\/v2\/media\/117490"}],"wp:attachment":[{"href":"https:\/\/www.europesays.com\/se\/wp-json\/wp\/v2\/media?parent=117489"}],"wp:term":[{"taxonomy":"category","embeddable":true,"href":"https:\/\/www.europesays.com\/se\/wp-json\/wp\/v2\/categories?post=117489"},{"taxonomy":"post_tag","embeddable":true,"href":"https:\/\/www.europesays.com\/se\/wp-json\/wp\/v2\/tags?post=117489"}],"curies":[{"name":"wp","href":"https:\/\/api.w.org\/{rel}","templated":true}]}}