{"id":117493,"date":"2025-12-26T13:31:08","date_gmt":"2025-12-26T13:31:08","guid":{"rendered":"https:\/\/www.europesays.com\/se\/117493\/"},"modified":"2025-12-26T13:31:08","modified_gmt":"2025-12-26T13:31:08","slug":"klart-jamiro-reber-lamnar-hv71-shl","status":"publish","type":"post","link":"https:\/\/www.europesays.com\/se\/117493\/","title":{"rendered":"Klart: Jamiro Reber l\u00e4mnar HV71 | SHL"},"content":{"rendered":"<p>Publicerad 26 dec 2025 kl 14.18<\/p>\n<p>HV71 tappar en talang till n\u00e4sta s\u00e4song, vilket <a href=\"https:\/\/www.expressen.se\/sport\/hockey\/shl\/jamiro-reber-klar-for-ronnbergs-klubb\" rel=\"nofollow noopener\" target=\"_blank\">Expressen<\/a> tidigare avsl\u00f6jat.<\/p>\n<p>\u00a8Nu bekr\u00e4ftar schweiziska Fribourg att Jamiro Reber kommer att ansluta till klubben.<\/p>\n<p>D\u00e4rmed f\u00e5r addera Roger R\u00f6nnberg en SHL-meriterad adept till truppen.<\/p>\n<p>Fina gesten: V\u00e4nnerna ska ha varandra p\u00e5 hj\u00e4lmen<img loading=\"lazy\"   alt=\"\"\/><\/p>\n<p>Jamiro Reber.<\/p>\n<p>Foto: MICHAEL ERICHSEN \/ BILDBYR\u00c5N<\/p>\n<p>\u00d6ppna bild i helsk\u00e4rm<img loading=\"lazy\"   alt=\"\"\/><\/p>\n<p>Roger R\u00f6nnberg.<\/p>\n<p>Foto: IMAGO\/PIUS KOLLER \/ IMAGO\/PIUS KOLLER WWW.IMAGO-IMAGES.DE<\/p>\n<p>\u00d6ppna bild i helsk\u00e4rm<\/p>\n<p>Redan i november kunde <a href=\"https:\/\/www.expressen.se\/sport\/hockey\/shl\/jamiro-reber-klar-for-ronnbergs-klubb\" rel=\"nofollow noopener\" target=\"_blank\">Expressen<\/a> ber\u00e4tta att den 19-\u00e5rige schweizaren skulle l\u00e4mna J\u00f6nk\u00f6ping f\u00f6r att flytta hem.\u00a0<\/p>\n<p>Nu bekr\u00e4ftar Fribourg-Gott\u00e9ron att Jamiro Reber flyttar till klubben efter den nuvarande s\u00e4songen och har skrivit p\u00e5 ett tv\u00e5\u00e5rsavtal (till 2028).\u00a0<\/p>\n<p>\u2013 Jamiro Reber anses vara en talangfull spelare i schweizisk hockey, vi vill forts\u00e4tta utveckla hans potential, s\u00e4ger sportchefen Gerd Zenh\u00e4usern.<\/p>\n<p>D\u00e4rf\u00f6r v\u00e4rvas han<\/p>\n<p>19-\u00e5ringen kom till <a href=\"https:\/\/www.expressen.se\/tagg\/organization\/hv71\/\" class=\"\" rel=\"nofollow noopener\" target=\"_blank\">HV71<\/a>:s organisation fr\u00e5n Langnau-klubben SCL Tigers 2023. D\u00e4refter har han bland annat spelat flera junior-VM med Schweiz och slog i fjol igenom i SHL. Men fr\u00e5n n\u00e4sta s\u00e4song f\u00e5r han allts\u00e5 Roger R\u00f6nnberg som tr\u00e4nare.<\/p>\n<p>Bland annat kommer forwarden att f\u00e5 ett ordentligt ekonomiskt uppsving i sin nya klubb, enligt Expressens uppgifter fr\u00e5n november m\u00e5nad. Detta d\u00e5 de schweiziska klubbarna fortsatt p\u00e5verkas av en importkvot och d\u00e4rmed vill s\u00e4kra upp sina egenfostrade talanger.<\/p>\n<p>Reber f\u00f6rebreder sig i detta nu f\u00f6r sitt tredje JVM.<\/p>\n","protected":false},"excerpt":{"rendered":"Publicerad 26 dec 2025 kl 14.18 HV71 tappar en talang till n\u00e4sta s\u00e4song, vilket Expressen tidigare avsl\u00f6jat. \u00a8Nu&hellip;\n","protected":false},"author":2,"featured_media":117494,"comment_status":"","ping_status":"","sticky":false,"template":"","format":"standard","meta":{"footnotes":""},"categories":[68],"tags":[1354,34,255,823,111,110,31,33,32,30],"class_list":{"0":"post-117493","1":"post","2":"type-post","3":"status-publish","4":"format-standard","5":"has-post-thumbnail","7":"category-sport","8":"tag-organization-hv71","9":"tag-se","10":"tag-sections-ishockey","11":"tag-sections-shl","12":"tag-sport","13":"tag-sports","14":"tag-svenska","15":"tag-sverige","16":"tag-sweden","17":"tag-swedish"},"share_on_mastodon":{"url":"https:\/\/pubeurope.com\/@se\/115786120193851854","error":""},"_links":{"self":[{"href":"https:\/\/www.europesays.com\/se\/wp-json\/wp\/v2\/posts\/117493","targetHints":{"allow":["GET"]}}],"collection":[{"href":"https:\/\/www.europesays.com\/se\/wp-json\/wp\/v2\/posts"}],"about":[{"href":"https:\/\/www.europesays.com\/se\/wp-json\/wp\/v2\/types\/post"}],"author":[{"embeddable":true,"href":"https:\/\/www.europesays.com\/se\/wp-json\/wp\/v2\/users\/2"}],"replies":[{"embeddable":true,"href":"https:\/\/www.europesays.com\/se\/wp-json\/wp\/v2\/comments?post=117493"}],"version-history":[{"count":0,"href":"https:\/\/www.europesays.com\/se\/wp-json\/wp\/v2\/posts\/117493\/revisions"}],"wp:featuredmedia":[{"embeddable":true,"href":"https:\/\/www.europesays.com\/se\/wp-json\/wp\/v2\/media\/117494"}],"wp:attachment":[{"href":"https:\/\/www.europesays.com\/se\/wp-json\/wp\/v2\/media?parent=117493"}],"wp:term":[{"taxonomy":"category","embeddable":true,"href":"https:\/\/www.europesays.com\/se\/wp-json\/wp\/v2\/categories?post=117493"},{"taxonomy":"post_tag","embeddable":true,"href":"https:\/\/www.europesays.com\/se\/wp-json\/wp\/v2\/tags?post=117493"}],"curies":[{"name":"wp","href":"https:\/\/api.w.org\/{rel}","templated":true}]}}