{"id":11750,"date":"2025-08-23T11:32:08","date_gmt":"2025-08-23T11:32:08","guid":{"rendered":"https:\/\/www.europesays.com\/se\/11750\/"},"modified":"2025-08-23T11:32:08","modified_gmt":"2025-08-23T11:32:08","slug":"duplantis-ser-tillbaka-pa-premiaren-var-sa-nervos","status":"publish","type":"post","link":"https:\/\/www.europesays.com\/se\/11750\/","title":{"rendered":"Duplantis ser tillbaka p\u00e5 premi\u00e4ren: \u201dVar s\u00e5 nerv\u00f6s\u201d"},"content":{"rendered":"<p>I dag ger sig Armand Duplantis ut p\u00e5 Stockholm stadion i sin gulbl\u00e5 dr\u00e4kt. \u00c5rets Finnkamp markerar tio \u00e5r f\u00f6r honom i landslaget. I en intervju med Radiosporten ser han tillbaka p\u00e5 t\u00e4vlingen 2015. <\/p>\n<p>\u2013 Jag var s\u00e5 nerv\u00f6s. Det k\u00e4ndes som att det var OS f\u00f6r mig. Alla var r\u00e4tt stora grabbar och jag var s\u00e5 liten, s\u00e4ger han. <\/p>\n<p>Han slutade p\u00e5 tredje plats med 5,17 bakom tv\u00e5 finl\u00e4ndare. <\/p>\n<p>Sedan dess har han kommit l\u00e5ngt, i Budapest tidigare i augusti satte han sitt trettonde v\u00e4rldsrekord p\u00e5 6,29. Han kan dock inte lova att det blir ytterligare ett rekord i helgen.<\/p>\n<p>\u2013 Jag hoppas det blir en bra show \u00e4ven om det inte blir en v\u00e4rldsrekord-show, s\u00e4ger Duplantis till SVT Sport.<\/p>\n<p>Omni \u00e4r politiskt obundna och oberoende. Vi str\u00e4var efter att ge fler perspektiv p\u00e5 nyheterna. Har du fr\u00e5gor eller synpunkter kring v\u00e5r rapportering? <a href=\"https:\/\/omni.se\/duplantis-ser-tillbaka-pa-premiaren-var-sa-nervos\/a\/mailto:redaktion@omni.se\" class=\"ArticleActions_contactLink__W2F1M\" rel=\"nofollow noopener\" target=\"_blank\">Kontakta redaktionen<\/a><\/p>\n","protected":false},"excerpt":{"rendered":"I dag ger sig Armand Duplantis ut p\u00e5 Stockholm stadion i sin gulbl\u00e5 dr\u00e4kt. \u00c5rets Finnkamp markerar tio&hellip;\n","protected":false},"author":2,"featured_media":11751,"comment_status":"","ping_status":"","sticky":false,"template":"","format":"standard","meta":{"footnotes":""},"categories":[68],"tags":[1565,34,111,110,1566,31,33,32,30],"class_list":{"0":"post-11750","1":"post","2":"type-post","3":"status-publish","4":"format-standard","5":"has-post-thumbnail","7":"category-sport","8":"tag-armand-duplantis","9":"tag-se","10":"tag-sport","11":"tag-sports","12":"tag-stavhopp","13":"tag-svenska","14":"tag-sverige","15":"tag-sweden","16":"tag-swedish"},"share_on_mastodon":{"url":"","error":""},"_links":{"self":[{"href":"https:\/\/www.europesays.com\/se\/wp-json\/wp\/v2\/posts\/11750","targetHints":{"allow":["GET"]}}],"collection":[{"href":"https:\/\/www.europesays.com\/se\/wp-json\/wp\/v2\/posts"}],"about":[{"href":"https:\/\/www.europesays.com\/se\/wp-json\/wp\/v2\/types\/post"}],"author":[{"embeddable":true,"href":"https:\/\/www.europesays.com\/se\/wp-json\/wp\/v2\/users\/2"}],"replies":[{"embeddable":true,"href":"https:\/\/www.europesays.com\/se\/wp-json\/wp\/v2\/comments?post=11750"}],"version-history":[{"count":0,"href":"https:\/\/www.europesays.com\/se\/wp-json\/wp\/v2\/posts\/11750\/revisions"}],"wp:featuredmedia":[{"embeddable":true,"href":"https:\/\/www.europesays.com\/se\/wp-json\/wp\/v2\/media\/11751"}],"wp:attachment":[{"href":"https:\/\/www.europesays.com\/se\/wp-json\/wp\/v2\/media?parent=11750"}],"wp:term":[{"taxonomy":"category","embeddable":true,"href":"https:\/\/www.europesays.com\/se\/wp-json\/wp\/v2\/categories?post=11750"},{"taxonomy":"post_tag","embeddable":true,"href":"https:\/\/www.europesays.com\/se\/wp-json\/wp\/v2\/tags?post=11750"}],"curies":[{"name":"wp","href":"https:\/\/api.w.org\/{rel}","templated":true}]}}