{"id":117503,"date":"2025-12-26T13:45:08","date_gmt":"2025-12-26T13:45:08","guid":{"rendered":"https:\/\/www.europesays.com\/se\/117503\/"},"modified":"2025-12-26T13:45:08","modified_gmt":"2025-12-26T13:45:08","slug":"rikke-ar-dod-sista-tiden-blev-inte-som-hon-ville","status":"publish","type":"post","link":"https:\/\/www.europesays.com\/se\/117503\/","title":{"rendered":"Rikke \u00e4r d\u00f6d \u2013 sista tiden blev inte som hon ville"},"content":{"rendered":"<p>Norska tidningen Aftenposten har f\u00f6ljt br\u00f6stcancersjuka Rikke Whelan de Lange under det sista \u00e5ret av hennes liv i en artikelserie. <\/p>\n<p>Reportaget om Rikke inneh\u00e5ller bilder som \u00e4r ovanligt starka. N\u00e5gra \u00e4r tagna under hennes sista tid i livet, andra efter att hon har g\u00e5tt bort. S\u00e5dana bilder kr\u00e4ver noggranna etiska \u00f6verv\u00e4ganden.<\/p>\n<p>I detta fall \u00e4r publiceringen gjord i enlighet med b\u00e5de Rikkes egen vilja och hennes anh\u00f6rigas uttryckliga \u00f6nskan om att hennes ber\u00e4ttelse ska delas. Bilderna \u00e4r centrala f\u00f6r att f\u00f6rst\u00e5 hennes kamp f\u00f6r r\u00e4tten till sj\u00e4lvbest\u00e4md d\u00f6dshj\u00e4lp. De ger en helhet som inte kan f\u00f6rmedlas enbart i text.<\/p>\n<p>SvD publicerade i mars 2025 reportaget <a href=\"https:\/\/www.svd.se\/a\/PpBVyb\" rel=\"nofollow noopener\" target=\"_blank\">\u201dBra f\u00f6r folk att se en ung, sjuk tjej som vill d\u00f6\u201d<\/a>, om hennes kamp f\u00f6r att sj\u00e4lv f\u00e5 v\u00e4lja hur och n\u00e4r hon skulle d\u00f6. Det h\u00e4r \u00e4r den sista artikeln om Rikke, som blev 32 \u00e5r.<\/p>\n","protected":false},"excerpt":{"rendered":"Norska tidningen Aftenposten har f\u00f6ljt br\u00f6stcancersjuka Rikke Whelan de Lange under det sista \u00e5ret av hennes liv i&hellip;\n","protected":false},"author":2,"featured_media":117504,"comment_status":"","ping_status":"","sticky":false,"template":"","format":"standard","meta":{"footnotes":""},"categories":[14],"tags":[22,23,26,27,17,21,24,25,28,29,15,16,18,34,31,33,32,30,19,20,51,52,53,54],"class_list":{"0":"post-117503","1":"post","2":"type-post","3":"status-publish","4":"format-standard","5":"has-post-thumbnail","7":"category-varlden","8":"tag-breaking-news","9":"tag-breakingnews","10":"tag-featured-news","11":"tag-featurednews","12":"tag-headlines","13":"tag-huvudnyheter","14":"tag-latest-news","15":"tag-latestnews","16":"tag-main-news","17":"tag-mainnews","18":"tag-news","19":"tag-nyheter","20":"tag-rubriker","21":"tag-se","22":"tag-svenska","23":"tag-sverige","24":"tag-sweden","25":"tag-swedish","26":"tag-top-stories","27":"tag-topstories","28":"tag-varlden","29":"tag-world","30":"tag-world-news","31":"tag-worldnews"},"share_on_mastodon":{"url":"https:\/\/pubeurope.com\/@se\/115786175236486521","error":""},"_links":{"self":[{"href":"https:\/\/www.europesays.com\/se\/wp-json\/wp\/v2\/posts\/117503","targetHints":{"allow":["GET"]}}],"collection":[{"href":"https:\/\/www.europesays.com\/se\/wp-json\/wp\/v2\/posts"}],"about":[{"href":"https:\/\/www.europesays.com\/se\/wp-json\/wp\/v2\/types\/post"}],"author":[{"embeddable":true,"href":"https:\/\/www.europesays.com\/se\/wp-json\/wp\/v2\/users\/2"}],"replies":[{"embeddable":true,"href":"https:\/\/www.europesays.com\/se\/wp-json\/wp\/v2\/comments?post=117503"}],"version-history":[{"count":0,"href":"https:\/\/www.europesays.com\/se\/wp-json\/wp\/v2\/posts\/117503\/revisions"}],"wp:featuredmedia":[{"embeddable":true,"href":"https:\/\/www.europesays.com\/se\/wp-json\/wp\/v2\/media\/117504"}],"wp:attachment":[{"href":"https:\/\/www.europesays.com\/se\/wp-json\/wp\/v2\/media?parent=117503"}],"wp:term":[{"taxonomy":"category","embeddable":true,"href":"https:\/\/www.europesays.com\/se\/wp-json\/wp\/v2\/categories?post=117503"},{"taxonomy":"post_tag","embeddable":true,"href":"https:\/\/www.europesays.com\/se\/wp-json\/wp\/v2\/tags?post=117503"}],"curies":[{"name":"wp","href":"https:\/\/api.w.org\/{rel}","templated":true}]}}