{"id":117505,"date":"2025-12-26T13:46:46","date_gmt":"2025-12-26T13:46:46","guid":{"rendered":"https:\/\/www.europesays.com\/se\/117505\/"},"modified":"2025-12-26T13:46:46","modified_gmt":"2025-12-26T13:46:46","slug":"man-omhandertogs-av-polis-dog-i-arresten-2","status":"publish","type":"post","link":"https:\/\/www.europesays.com\/se\/117505\/","title":{"rendered":"Man omh\u00e4ndertogs av polis \u2013 dog i arresten"},"content":{"rendered":"<p class=\"boxtextgrotesk-root_baa6 hyperion-css-7pajle\">Publicerad 2025-12-25 07.47<\/p>\n<p>share-arrowDela<\/p>\n<p>unsaveSpara<\/p>\n<p>expand-left<\/p>\n<p>helsk\u00e4rm<img decoding=\"async\" class=\"image-asset hyperion-css-u06ts1\" data-test-tag=\"image-asset\" src=\"https:\/\/www.europesays.com\/se\/wp-content\/uploads\/2025\/12\/58678422-58dc-4c58-a402-fa6a91399c06\"  alt=\"En man avled natten mot juldagen i polisens arrestlokaler i Uppsala. Arkivbild.\"  loading=\"eager\" fetchpriority=\"high\" style=\"aspect-ratio:1900 \/ 1350\"\/>En man avled natten mot juldagen i polisens arrestlokaler i Uppsala. Arkivbild. Foto: Johan Nilsson \/ TT<\/p>\n<p class=\"hyperion-css-1shl3oz\" data-test-tag=\"lead-text\">En man i 55-\u00e5rs\u00e5ldern omh\u00e4ndertogs av polis under julaftonskv\u00e4llen. Under natten avled han i polisens arrestlokaler.<\/p>\n<p class=\"hyperion-css-1v9qo5x\">Allm\u00e4nheten larmade polis om en berusad man i centrala Uppsala vid 18-tiden p\u00e5 julaftonskv\u00e4llen.<\/p>\n<p class=\"hyperion-css-1v9qo5x\">\u2013 Han omh\u00e4ndertogs d\u00e5 av en polispatrull enligt lagen om omh\u00e4ndertagande av berusade personer, s\u00e4ger polisens presstalesperson Magnus Jansson Klarin.<\/p>\n<p class=\"hyperion-css-1v9qo5x\">Vid en kontroll i arrestlokalerna under natten uppt\u00e4cktes det att mannen f\u00e5tt hj\u00e4rtstopp. Han f\u00f6rdes till sjukhus med ambulans och konstaterades d\u00e4r avliden.<\/p>\n<p class=\"hyperion-css-1v9qo5x\">H\u00e4ndelsen kommer att utredas.<\/p>\n","protected":false},"excerpt":{"rendered":"Publicerad 2025-12-25 07.47 share-arrowDela unsaveSpara expand-left helsk\u00e4rmEn man avled natten mot juldagen i polisens arrestlokaler i Uppsala. Arkivbild.&hellip;\n","protected":false},"author":2,"featured_media":117506,"comment_status":"","ping_status":"","sticky":false,"template":"","format":"standard","meta":{"footnotes":""},"categories":[12],"tags":[22,23,26,27,17,21,24,25,28,29,15,16,18,34,31,33,32,30,19,20],"class_list":{"0":"post-117505","1":"post","2":"type-post","3":"status-publish","4":"format-standard","5":"has-post-thumbnail","7":"category-sverige","8":"tag-breaking-news","9":"tag-breakingnews","10":"tag-featured-news","11":"tag-featurednews","12":"tag-headlines","13":"tag-huvudnyheter","14":"tag-latest-news","15":"tag-latestnews","16":"tag-main-news","17":"tag-mainnews","18":"tag-news","19":"tag-nyheter","20":"tag-rubriker","21":"tag-se","22":"tag-svenska","23":"tag-sverige","24":"tag-sweden","25":"tag-swedish","26":"tag-top-stories","27":"tag-topstories"},"share_on_mastodon":{"url":"https:\/\/pubeurope.com\/@se\/115786179448198852","error":""},"_links":{"self":[{"href":"https:\/\/www.europesays.com\/se\/wp-json\/wp\/v2\/posts\/117505","targetHints":{"allow":["GET"]}}],"collection":[{"href":"https:\/\/www.europesays.com\/se\/wp-json\/wp\/v2\/posts"}],"about":[{"href":"https:\/\/www.europesays.com\/se\/wp-json\/wp\/v2\/types\/post"}],"author":[{"embeddable":true,"href":"https:\/\/www.europesays.com\/se\/wp-json\/wp\/v2\/users\/2"}],"replies":[{"embeddable":true,"href":"https:\/\/www.europesays.com\/se\/wp-json\/wp\/v2\/comments?post=117505"}],"version-history":[{"count":0,"href":"https:\/\/www.europesays.com\/se\/wp-json\/wp\/v2\/posts\/117505\/revisions"}],"wp:featuredmedia":[{"embeddable":true,"href":"https:\/\/www.europesays.com\/se\/wp-json\/wp\/v2\/media\/117506"}],"wp:attachment":[{"href":"https:\/\/www.europesays.com\/se\/wp-json\/wp\/v2\/media?parent=117505"}],"wp:term":[{"taxonomy":"category","embeddable":true,"href":"https:\/\/www.europesays.com\/se\/wp-json\/wp\/v2\/categories?post=117505"},{"taxonomy":"post_tag","embeddable":true,"href":"https:\/\/www.europesays.com\/se\/wp-json\/wp\/v2\/tags?post=117505"}],"curies":[{"name":"wp","href":"https:\/\/api.w.org\/{rel}","templated":true}]}}