{"id":117518,"date":"2025-12-26T14:02:07","date_gmt":"2025-12-26T14:02:07","guid":{"rendered":"https:\/\/www.europesays.com\/se\/117518\/"},"modified":"2025-12-26T14:02:07","modified_gmt":"2025-12-26T14:02:07","slug":"idf-forbereder-rad-pa-vastbanken-efter-valdsdad","status":"publish","type":"post","link":"https:\/\/www.europesays.com\/se\/117518\/","title":{"rendered":"IDF f\u00f6rbereder r\u00e4d p\u00e5 V\u00e4stbanken efter v\u00e5ldsd\u00e5d"},"content":{"rendered":"<p>Enligt Israels milit\u00e4r, IDF, ska g\u00e4rningsmannen vara en palestinier som kommit in i Israel olagligen fr\u00e5n ockuperade V\u00e4stbanken.<\/p>\n<p>Enligt milit\u00e4ren b\u00f6rjade attacken i omr\u00e5det Beit She&#8217;an, en stad n\u00e4ra V\u00e4stbankens norra gr\u00e4ns, och fortsatte i Ein Harod och Afula. En person knivskars till d\u00f6ds och en annan d\u00f6dades n\u00e4r han rammades av angriparens bil. Tv\u00e5 personer ska ocks\u00e5 ha skadats. G\u00e4rningsmannen sk\u00f6ts av en f\u00f6rbipasserande och f\u00f6rdes till sjukhus med lindriga skador, skriver The Times of Israel.<\/p>\n","protected":false},"excerpt":{"rendered":"Enligt Israels milit\u00e4r, IDF, ska g\u00e4rningsmannen vara en palestinier som kommit in i Israel olagligen fr\u00e5n ockuperade V\u00e4stbanken.&hellip;\n","protected":false},"author":2,"featured_media":2467,"comment_status":"","ping_status":"","sticky":false,"template":"","format":"standard","meta":{"footnotes":""},"categories":[14],"tags":[22,23,26,27,17,21,24,25,28,29,15,16,18,34,31,33,32,30,19,20,51,52,53,54],"class_list":{"0":"post-117518","1":"post","2":"type-post","3":"status-publish","4":"format-standard","5":"has-post-thumbnail","7":"category-varlden","8":"tag-breaking-news","9":"tag-breakingnews","10":"tag-featured-news","11":"tag-featurednews","12":"tag-headlines","13":"tag-huvudnyheter","14":"tag-latest-news","15":"tag-latestnews","16":"tag-main-news","17":"tag-mainnews","18":"tag-news","19":"tag-nyheter","20":"tag-rubriker","21":"tag-se","22":"tag-svenska","23":"tag-sverige","24":"tag-sweden","25":"tag-swedish","26":"tag-top-stories","27":"tag-topstories","28":"tag-varlden","29":"tag-world","30":"tag-world-news","31":"tag-worldnews"},"share_on_mastodon":{"url":"https:\/\/pubeurope.com\/@se\/115786242073861262","error":""},"_links":{"self":[{"href":"https:\/\/www.europesays.com\/se\/wp-json\/wp\/v2\/posts\/117518","targetHints":{"allow":["GET"]}}],"collection":[{"href":"https:\/\/www.europesays.com\/se\/wp-json\/wp\/v2\/posts"}],"about":[{"href":"https:\/\/www.europesays.com\/se\/wp-json\/wp\/v2\/types\/post"}],"author":[{"embeddable":true,"href":"https:\/\/www.europesays.com\/se\/wp-json\/wp\/v2\/users\/2"}],"replies":[{"embeddable":true,"href":"https:\/\/www.europesays.com\/se\/wp-json\/wp\/v2\/comments?post=117518"}],"version-history":[{"count":0,"href":"https:\/\/www.europesays.com\/se\/wp-json\/wp\/v2\/posts\/117518\/revisions"}],"wp:featuredmedia":[{"embeddable":true,"href":"https:\/\/www.europesays.com\/se\/wp-json\/wp\/v2\/media\/2467"}],"wp:attachment":[{"href":"https:\/\/www.europesays.com\/se\/wp-json\/wp\/v2\/media?parent=117518"}],"wp:term":[{"taxonomy":"category","embeddable":true,"href":"https:\/\/www.europesays.com\/se\/wp-json\/wp\/v2\/categories?post=117518"},{"taxonomy":"post_tag","embeddable":true,"href":"https:\/\/www.europesays.com\/se\/wp-json\/wp\/v2\/tags?post=117518"}],"curies":[{"name":"wp","href":"https:\/\/api.w.org\/{rel}","templated":true}]}}