{"id":117519,"date":"2025-12-26T14:03:07","date_gmt":"2025-12-26T14:03:07","guid":{"rendered":"https:\/\/www.europesays.com\/se\/117519\/"},"modified":"2025-12-26T14:03:07","modified_gmt":"2025-12-26T14:03:07","slug":"sa-ska-kyrkan-skota-sina-skogar-pa-ekero","status":"publish","type":"post","link":"https:\/\/www.europesays.com\/se\/117519\/","title":{"rendered":"S\u00e5 ska kyrkan sk\u00f6ta sina skogar p\u00e5 Eker\u00f6"},"content":{"rendered":"<p class=\"text\">Svenska kyrkan \u00e4ger runt 3200 hektar skog i Stockholms stift och nu kommer nya bud om hur den ska sk\u00f6tas. <\/p>\n<p class=\"text\">I november klubbades n\u00e4mligen ett beslut igenom som g\u00f6r g\u00e4llande att bruket av den skog som kyrkan \u00e4ger ska ta st\u00e4llning inte bara till hur mycket pengar den kan ge, utan ocks\u00e5 hur h\u00e5llbar den \u00e4r ur ett ekologiskt och socialt men \u00e4ven andligt perspektiv.\u00a0<\/p>\n<p class=\"text\">\u2013 Om man t\u00e4nker att det h\u00e4r \u00e4r Guds skapelse s\u00e5 ska man kunna m\u00f6ta den i skogen. Det blir nu tydligt att dessa fyra ska balanseras, s\u00e4ger Karin Lindforss, egendomsjurist och ansvarig f\u00f6r skogsf\u00f6rvaltningen i Stockholms stift.\u00a0<\/p>\n<p>P\u00e5 plats i januari<\/p>\n<p class=\"text\">Vad detta inneb\u00e4r i konkreta siffror \u00e4r d\u00e4remot inte klart. N\u00e5gra nationella m\u00e5l har inte klubbats igenom utan det \u00e4r i st\u00e4llet varje stift som f\u00e5r i uppgift att tolka och oms\u00e4tta de nya riktlinjerna. I Stockholm kommer den uppgiften ligga i huvudsak p\u00e5 det nya egendomsutskott som i januari kommer formas och utg\u00f6ras av de som valdes in i kyrkovalet i h\u00f6stas.\u00a0<\/p>\n<p class=\"text\">\u2013 S\u00e5 jag v\u00e5gar inte s\u00e4ga f\u00f6r mycket f\u00f6rr\u00e4n de som faktiskt ska best\u00e4mma \u00e4r p\u00e5 plats, s\u00e4ger Karin Lindforss.\u00a0<\/p>\n<p class=\"text\">Det som d\u00e4remot kan s\u00e4gas redan nu \u00e4r att det troligen inte kommer handla om radikala f\u00f6r\u00e4ndringar f\u00f6r Stockholms skogar.<\/p>\n<p class=\"text\">Dels \u00e4r skogen som kyrkan \u00e4ger i Stockholm f\u00f6rh\u00e5llandevis liten och uppdelad p\u00e5 m\u00e5nga olika egendomar \u2013 i Eker\u00f6 handlar det om en handfull sm\u00e5 skogar p\u00e5 F\u00e4rings\u00f6 och Eker\u00f6. <\/p>\n<p class=\"text\">\u2013 Det \u00e4r en hagelsv\u00e4rm p\u00e5 kartan, s\u00e4ger Karin Lindforss.<\/p>\n<p>Mindre p\u00e5verkan<\/p>\n<p class=\"text\">Det inneb\u00e4r att f\u00f6r\u00e4ndringar i skogsbruket f\u00f6r Stockholms del inte kommer p\u00e5verka budgeten p\u00e5 samma s\u00e4tt som i ett skogstungt skift, menar Karin Lindforss.\u00a0<\/p>\n<p class=\"text\">\u2013 Eftersom skogen \u00e4r en mindre del s\u00e5 \u00e4r det f\u00f6r v\u00e5r del framf\u00f6rallt avkastningen p\u00e5 fonden som avg\u00f6r. Hur det g\u00e5r p\u00e5 b\u00f6rsen, om man uttrycker sig enkelt.<\/p>\n<p><img decoding=\"async\" class=\"Image Image_\" src=\"\" data-aghref=\"http:\/\/www.mitti.se\/image-3.351350.267600.20251226134708.32e49fbd02\" data-agimagetype=\"hardcrop\" alt=\"En av kyrkans skogar ligger \u00f6ster om Sundby. \"\/><\/p>\n<p class=\"Caption\">En av kyrkans skogar ligger \u00f6ster om Sundby. <\/p>\n<p class=\"Source\">Skogsindustrierna<\/p>\n<p class=\"text\">Dessutom ing\u00e5r milj\u00f6m\u00e5l redan i kyrkans grundl\u00e4ggande v\u00e4rderingar.\u00a0I ett skogsbruksperspektiv kan det handla om att inte kalhugga, att jobba med v\u00e5tmarker och att \u00f6ka kolinlagringen i skogen genom att den f\u00e5r st\u00e5 kvar l\u00e4ngre innan den avverkas, menar Karin Lindforss.\u00a0<\/p>\n<p class=\"text\">\u2013 Det h\u00e4r \u00e4r saker vi jobbar med redan nu, men som vi kanske kommer beh\u00f6ver f\u00f6rb\u00e4ttra ytterligare och s\u00e4tta m\u00e5l kring i tid eller i procent av totalen.\u00a0<\/p>\n<p>Kristet budskap<\/p>\n<p class=\"text\">Att v\u00e4rna om skogen ligger helt i linje med kristendomens budskap, menar Katarina Wolf, pr\u00e4st i Eker\u00f6 pastorat. <\/p>\n<p class=\"text\">\u2013\u00a0Gud finns i varje barr och l\u00f6v. N\u00e4r Gud kom till jorden som ett litet skyddsl\u00f6st m\u00e4nniskobarn s\u00e5 blev det gudomliga materia, s\u00e5rbart, f\u00f6r oss att v\u00e4rna, s\u00e4ger hon.\u00a0\u00a0<\/p>\n<p><img decoding=\"async\" class=\"Image Image_\" src=\"\" data-aghref=\"http:\/\/www.mitti.se\/image-3.352692.267600.20251226134708.f89d1b7049\" data-agimagetype=\"hardcrop\" alt=\"Att v\u00e4rna om skogen ligger ligger helt i linje med kristendomens budskap, menar Katarina Wolf.\"\/><\/p>\n<p class=\"Caption\">Att v\u00e4rna om skogen ligger ligger helt i linje med kristendomens budskap, menar Katarina Wolf.<\/p>\n<p class=\"Source\">Mikael Andersson<\/p>\n<p class=\"text\">En av skogarna som Svenska kyrkan \u00e4ger ligger norr om Eker\u00f6 sommarstad och \u00f6ster om Sundby.\u00a0<\/p>\n<p class=\"text\">\u2013 P\u00e5 pappret \u00e4ger vi den, men det \u00e4r inte v\u00e5r skog utan den \u00e4r sin egen. Vi m\u00e5ste ta hand om och f\u00f6rvalta den inte bara f\u00f6r v\u00e5r skull men sj\u00e4lvklart f\u00f6r skogens egen skull, s\u00e4ger Katarina Wolf.\u00a0<\/p>\n<p class=\"text\">M\u00e4nniskan \u00e4r, p\u00e5 samma s\u00e4tt som skogens tr\u00e4d, sprungen ur jorden, menar hon:<\/p>\n<p class=\"text\">\u2013 Gud formade oss av stoft fr\u00e5n marken. Som det st\u00e5r i F\u00f6rsta Moseboken; &#8221;\u2026av den \u00e4r du tagen, jord \u00e4r du och jord skall du \u00e5ter bli\u201d.\u00a0<\/p>\n<p class=\"text\">\u2013 Det g\u00e5r inte att peka p\u00e5 tr\u00e4den och s\u00e4ga att d\u00e4r \u00e4r naturen, utan vi \u00e4r en del av den.\u00a0<\/p>\n<p class=\"faktarubrik\">Nytt utskott efter valet<\/p>\n<p class=\"fakta\">Kyrkans skogsutredning kom h\u00f6sten 2024. Den f\u00f6reslog att i st\u00e4llet f\u00f6r att fokusera enbart p\u00e5 att f\u00e5 ut pengar fr\u00e5n skogen ska klimat, kultur, biologisk m\u00e5ngfald och skogens sociala och andliga v\u00e4rden ocks\u00e5 v\u00e4gas in i hur skogen ska sk\u00f6tas. <\/p>\n<p class=\"fakta\">Beslutet kring detta togs 18 november 2025 och kallades historiskt av kyrkom\u00f6tes ordf\u00f6rande. Bruket av den skog kyrkan \u00e4ger ska nu vara h\u00e5llbart ur ett ekologiskt, socialt, ekonomiskt och andligt perspektiv.\u00a0<\/p>\n<p class=\"fakta\">Varje stift kommer fatta besluten f\u00f6r hur detta ska tolkas konkret. <\/p>\n<p class=\"fakta\">I Stockholm kommer det vara egendomsutskottet som fattar besluten, best\u00e5ende av de som valdes in i kyrkovalet i h\u00f6stas. <\/p>\n<p class=\"fakta\">I Stockholms stift handlar det om cirka 3 200 hektar produktiv skogsmark f\u00f6rdelat p\u00e5 cirka 23 fastigheter runt om i stiftet.<\/p>\n<p class=\"faktakalla\">K\u00e4lla: Svenska kyrkan <\/p>\n<p class=\"citat\">P\u00e5 pappret \u00e4ger vi den, men det \u00e4r inte v\u00e5r skog utan den \u00e4r sin egen. <\/p>\n","protected":false},"excerpt":{"rendered":"Svenska kyrkan \u00e4ger runt 3200 hektar skog i Stockholms stift och nu kommer nya bud om hur den&hellip;\n","protected":false},"author":2,"featured_media":117520,"comment_status":"","ping_status":"","sticky":false,"template":"","format":"standard","meta":{"footnotes":""},"categories":[12],"tags":[22,23,26,27,17,21,24,25,28,29,15,16,18,34,31,33,32,30,19,20],"class_list":{"0":"post-117519","1":"post","2":"type-post","3":"status-publish","4":"format-standard","5":"has-post-thumbnail","7":"category-sverige","8":"tag-breaking-news","9":"tag-breakingnews","10":"tag-featured-news","11":"tag-featurednews","12":"tag-headlines","13":"tag-huvudnyheter","14":"tag-latest-news","15":"tag-latestnews","16":"tag-main-news","17":"tag-mainnews","18":"tag-news","19":"tag-nyheter","20":"tag-rubriker","21":"tag-se","22":"tag-svenska","23":"tag-sverige","24":"tag-sweden","25":"tag-swedish","26":"tag-top-stories","27":"tag-topstories"},"share_on_mastodon":{"url":"https:\/\/pubeurope.com\/@se\/115786246010632410","error":""},"_links":{"self":[{"href":"https:\/\/www.europesays.com\/se\/wp-json\/wp\/v2\/posts\/117519","targetHints":{"allow":["GET"]}}],"collection":[{"href":"https:\/\/www.europesays.com\/se\/wp-json\/wp\/v2\/posts"}],"about":[{"href":"https:\/\/www.europesays.com\/se\/wp-json\/wp\/v2\/types\/post"}],"author":[{"embeddable":true,"href":"https:\/\/www.europesays.com\/se\/wp-json\/wp\/v2\/users\/2"}],"replies":[{"embeddable":true,"href":"https:\/\/www.europesays.com\/se\/wp-json\/wp\/v2\/comments?post=117519"}],"version-history":[{"count":0,"href":"https:\/\/www.europesays.com\/se\/wp-json\/wp\/v2\/posts\/117519\/revisions"}],"wp:featuredmedia":[{"embeddable":true,"href":"https:\/\/www.europesays.com\/se\/wp-json\/wp\/v2\/media\/117520"}],"wp:attachment":[{"href":"https:\/\/www.europesays.com\/se\/wp-json\/wp\/v2\/media?parent=117519"}],"wp:term":[{"taxonomy":"category","embeddable":true,"href":"https:\/\/www.europesays.com\/se\/wp-json\/wp\/v2\/categories?post=117519"},{"taxonomy":"post_tag","embeddable":true,"href":"https:\/\/www.europesays.com\/se\/wp-json\/wp\/v2\/tags?post=117519"}],"curies":[{"name":"wp","href":"https:\/\/api.w.org\/{rel}","templated":true}]}}