{"id":117521,"date":"2025-12-26T14:04:29","date_gmt":"2025-12-26T14:04:29","guid":{"rendered":"https:\/\/www.europesays.com\/se\/117521\/"},"modified":"2025-12-26T14:04:29","modified_gmt":"2025-12-26T14:04:29","slug":"en-person-till-sjukhus-efter-brand-i-orebro","status":"publish","type":"post","link":"https:\/\/www.europesays.com\/se\/117521\/","title":{"rendered":"En person till sjukhus efter brand i \u00d6rebro"},"content":{"rendered":"<p>Larmet kom in vid 13.43 och inringaren ber\u00e4ttade att det v\u00e4llde r\u00f6k ut ur en l\u00e4genhet. R\u00e4ddningstj\u00e4nsten b\u00f6rjade sl\u00e4cka och skickade in r\u00f6kdykare.<\/p>\n<p>Efter bara n\u00e5gra minuter var branden sl\u00e4ckt. Elden spred sig inte till n\u00e4rliggande l\u00e4genheter med de p\u00e5verkades av r\u00f6ken fr\u00e5n branden.<\/p>\n<p>Kvinna i 60-\u00e5rs\u00e5ldern misst\u00e4nkt<\/p>\n<p>En person f\u00f6rdes till sjukhus och ytterligare en person fick hj\u00e4lp p\u00e5 plats.<\/p>\n<p>Polisen uppr\u00e4ttade en anm\u00e4lan om allm\u00e4nfarlig v\u00e5rdsl\u00f6shet. Misst\u00e4nkt \u00e4r en kvinna i 60-\u00e5rs\u00e5ldern.<\/p>\n","protected":false},"excerpt":{"rendered":"Larmet kom in vid 13.43 och inringaren ber\u00e4ttade att det v\u00e4llde r\u00f6k ut ur en l\u00e4genhet. R\u00e4ddningstj\u00e4nsten b\u00f6rjade&hellip;\n","protected":false},"author":2,"featured_media":793,"comment_status":"","ping_status":"","sticky":false,"template":"","format":"standard","meta":{"footnotes":""},"categories":[5],"tags":[22,23,26,27,17,21,24,25,28,29,15,16,18,34,31,33,32,30,19,20],"class_list":{"0":"post-117521","1":"post","2":"type-post","3":"status-publish","4":"format-standard","5":"has-post-thumbnail","7":"category-rubriker","8":"tag-breaking-news","9":"tag-breakingnews","10":"tag-featured-news","11":"tag-featurednews","12":"tag-headlines","13":"tag-huvudnyheter","14":"tag-latest-news","15":"tag-latestnews","16":"tag-main-news","17":"tag-mainnews","18":"tag-news","19":"tag-nyheter","20":"tag-rubriker","21":"tag-se","22":"tag-svenska","23":"tag-sverige","24":"tag-sweden","25":"tag-swedish","26":"tag-top-stories","27":"tag-topstories"},"share_on_mastodon":{"url":"https:\/\/pubeurope.com\/@se\/115786249871227469","error":""},"_links":{"self":[{"href":"https:\/\/www.europesays.com\/se\/wp-json\/wp\/v2\/posts\/117521","targetHints":{"allow":["GET"]}}],"collection":[{"href":"https:\/\/www.europesays.com\/se\/wp-json\/wp\/v2\/posts"}],"about":[{"href":"https:\/\/www.europesays.com\/se\/wp-json\/wp\/v2\/types\/post"}],"author":[{"embeddable":true,"href":"https:\/\/www.europesays.com\/se\/wp-json\/wp\/v2\/users\/2"}],"replies":[{"embeddable":true,"href":"https:\/\/www.europesays.com\/se\/wp-json\/wp\/v2\/comments?post=117521"}],"version-history":[{"count":0,"href":"https:\/\/www.europesays.com\/se\/wp-json\/wp\/v2\/posts\/117521\/revisions"}],"wp:featuredmedia":[{"embeddable":true,"href":"https:\/\/www.europesays.com\/se\/wp-json\/wp\/v2\/media\/793"}],"wp:attachment":[{"href":"https:\/\/www.europesays.com\/se\/wp-json\/wp\/v2\/media?parent=117521"}],"wp:term":[{"taxonomy":"category","embeddable":true,"href":"https:\/\/www.europesays.com\/se\/wp-json\/wp\/v2\/categories?post=117521"},{"taxonomy":"post_tag","embeddable":true,"href":"https:\/\/www.europesays.com\/se\/wp-json\/wp\/v2\/tags?post=117521"}],"curies":[{"name":"wp","href":"https:\/\/api.w.org\/{rel}","templated":true}]}}