{"id":117524,"date":"2025-12-26T14:07:13","date_gmt":"2025-12-26T14:07:13","guid":{"rendered":"https:\/\/www.europesays.com\/se\/117524\/"},"modified":"2025-12-26T14:07:13","modified_gmt":"2025-12-26T14:07:13","slug":"martin-scorsese-minns-rob-reiner-han-njot-fullt-ut-av-livet","status":"publish","type":"post","link":"https:\/\/www.europesays.com\/se\/117524\/","title":{"rendered":"Martin Scorsese minns Rob Reiner: &#8221;Han nj\u00f6t fullt ut av livet&#8221;"},"content":{"rendered":"<p>Det har g\u00e5tt n\u00e4stan tv\u00e5 hela veckor sedan den uppskattade regiss\u00f6ren, manusf\u00f6rfattaren och sk\u00e5despelaren Rob Reiner hittades d\u00f6d, tillsammans med sin fru Michele.<\/p>\n<p>En av de senaste att uttrycka sin sorg och saknad \u00e4r v\u00e4nnen och kollegan Martin Scorsese. I en <a href=\"https:\/\/www.nytimes.com\/2025\/12\/25\/opinion\/culture\/martin-scorsese-rob-reiner.html?unlocked_article_code=1._U8.Zswd.IQ-GeJcCvZU4&amp;smid=url-share\" rel=\"nofollow noopener\" target=\"_blank\">minnestext i New York Times<\/a>, ber\u00e4ttar han hur de b\u00e5da tr\u00e4ffades i b\u00f6rjan av 70-talet, och hur snabbt de fattade tycke f\u00f6r varandra.<\/p>\n<p>L\u00e4s ocks\u00e5: <a href=\"https:\/\/www.moviezine.se\/nyheter\/pa-heder-och-samvete-skadisarna-hyllar-rob-reiner-kommer-alltid-att-minnas-honom\" title=\"Se Kevin Bacons emotionella hyllning till Rob Reiner: \u201dK\u00e4rlek till alla som k\u00e4nde honom\u201d\" class=\"underline-custom !font-montserrat !font-bold !underline-offset-4 !decoration-4 !decoration-moviezine-green !text-md\" rel=\"nofollow noopener\" target=\"_blank\">Se Kevin Bacons emotionella hyllning till Rob Reiner: \u201dK\u00e4rlek till alla som k\u00e4nde honom\u201d<\/a><\/p>\n<p>Scorsese delar ocks\u00e5 med sig av vad det var som gjorde Rob Reiner s\u00e5 speciell:<\/p>\n<p>\u2013 Han var rolig och ibland bitande humoristisk, men han var aldrig den typen som tog \u00f6ver rummet. Han hade en underbar k\u00e4nsla av oh\u00e4mmad frihet, nj\u00f6t fullt ut av livet i stunden och hade ett fantastiskt dundrande skratt.<\/p>\n<p>Det \u00e4r en fin text, en varm beskrivning av en \u00e4lskad man, och av en l\u00e5ngvarig v\u00e4nskap.<\/p>\n<p>Rob och Michele Reiner var 78 resespektive 70 \u00e5r gamla n\u00e4r de hittades d\u00f6da sitt hem. Parets 32-\u00e5rige son Nick st\u00e5r \u00e5talad f\u00f6r mord.<\/p>\n<p>L\u00e4s ocks\u00e5: <a href=\"https:\/\/www.moviezine.se\/nyheter\/michael-douglas-om-rob-reiner-han-gjorde-sa-gott-han-kunde-med-sin-son\" title=\"Michael Douglas  om Rob Reiner: \u201dHan gjorde s\u00e5 gott han kunde med sin son\u201d\" class=\"underline-custom !font-montserrat !font-bold !underline-offset-4 !decoration-4 !decoration-moviezine-green !text-md\" rel=\"nofollow noopener\" target=\"_blank\">Michael Douglas  om Rob Reiner: \u201dHan gjorde s\u00e5 gott han kunde med sin son\u201d<\/a><\/p>\n<p>L\u00e4s ocks\u00e5: <a href=\"https:\/\/www.moviezine.se\/nyheter\/rob-reiners-son-oppnade-upp-om-droger-och-familjebrak-manader-fore-foraldrarnas-dod\" title=\"Rob Reiners son \u00f6ppnade upp om droger och familjebr\u00e5k \u2013 m\u00e5nader f\u00f6re f\u00f6r\u00e4ldrarnas d\u00f6d\" class=\"underline-custom !font-montserrat !font-bold !underline-offset-4 !decoration-4 !decoration-moviezine-green !text-md\" rel=\"nofollow noopener\" target=\"_blank\">Rob Reiners son \u00f6ppnade upp om droger och familjebr\u00e5k \u2013 m\u00e5nader f\u00f6re f\u00f6r\u00e4ldrarnas d\u00f6d<\/a><\/p>\n<p>L\u00e4s ocks\u00e5: <a href=\"https:\/\/www.moviezine.se\/nyheter\/rob-reiners-officiella-dodsorsak-ar-faststalld\" title=\"Rob Reiners officiella d\u00f6dsorsak \u00e4r fastst\u00e4lld\" class=\"underline-custom !font-montserrat !font-bold !underline-offset-4 !decoration-4 !decoration-moviezine-green !text-md\" rel=\"nofollow noopener\" target=\"_blank\">Rob Reiners officiella d\u00f6dsorsak \u00e4r fastst\u00e4lld<\/a><\/p>\n","protected":false},"excerpt":{"rendered":"Det har g\u00e5tt n\u00e4stan tv\u00e5 hela veckor sedan den uppskattade regiss\u00f6ren, manusf\u00f6rfattaren och sk\u00e5despelaren Rob Reiner hittades d\u00f6d,&hellip;\n","protected":false},"author":2,"featured_media":117525,"comment_status":"","ping_status":"","sticky":false,"template":"","format":"standard","meta":{"footnotes":""},"categories":[67],"tags":[104,2394,34,31,33,32,30,105,2501],"class_list":{"0":"post-117524","1":"post","2":"type-post","3":"status-publish","4":"format-standard","5":"has-post-thumbnail","7":"category-underhallning","8":"tag-entertainment","9":"tag-kandisar","10":"tag-se","11":"tag-svenska","12":"tag-sverige","13":"tag-sweden","14":"tag-swedish","15":"tag-underhallning","16":"tag-vila-i-frid"},"share_on_mastodon":{"url":"https:\/\/pubeurope.com\/@se\/115786261643385222","error":""},"_links":{"self":[{"href":"https:\/\/www.europesays.com\/se\/wp-json\/wp\/v2\/posts\/117524","targetHints":{"allow":["GET"]}}],"collection":[{"href":"https:\/\/www.europesays.com\/se\/wp-json\/wp\/v2\/posts"}],"about":[{"href":"https:\/\/www.europesays.com\/se\/wp-json\/wp\/v2\/types\/post"}],"author":[{"embeddable":true,"href":"https:\/\/www.europesays.com\/se\/wp-json\/wp\/v2\/users\/2"}],"replies":[{"embeddable":true,"href":"https:\/\/www.europesays.com\/se\/wp-json\/wp\/v2\/comments?post=117524"}],"version-history":[{"count":0,"href":"https:\/\/www.europesays.com\/se\/wp-json\/wp\/v2\/posts\/117524\/revisions"}],"wp:featuredmedia":[{"embeddable":true,"href":"https:\/\/www.europesays.com\/se\/wp-json\/wp\/v2\/media\/117525"}],"wp:attachment":[{"href":"https:\/\/www.europesays.com\/se\/wp-json\/wp\/v2\/media?parent=117524"}],"wp:term":[{"taxonomy":"category","embeddable":true,"href":"https:\/\/www.europesays.com\/se\/wp-json\/wp\/v2\/categories?post=117524"},{"taxonomy":"post_tag","embeddable":true,"href":"https:\/\/www.europesays.com\/se\/wp-json\/wp\/v2\/tags?post=117524"}],"curies":[{"name":"wp","href":"https:\/\/api.w.org\/{rel}","templated":true}]}}