{"id":117528,"date":"2025-12-26T14:11:45","date_gmt":"2025-12-26T14:11:45","guid":{"rendered":"https:\/\/www.europesays.com\/se\/117528\/"},"modified":"2025-12-26T14:11:45","modified_gmt":"2025-12-26T14:11:45","slug":"hur-gar-det-egentligen-for-sla","status":"publish","type":"post","link":"https:\/\/www.europesays.com\/se\/117528\/","title":{"rendered":"Hur g\u00e5r det egentligen f\u00f6r SLA?"},"content":{"rendered":"<p class=\"mb-4 mx-auto max-w-xl\"><strong>SLA st\u00e5r stark. Men vi m\u00e5ste v\u00e5ga utvecklas f\u00f6r att spegla v\u00e5r samtid. H\u00e4r \u00e4r vad du kan f\u00f6rv\u00e4nta dig av din lokaltidning n\u00e4sta \u00e5r. <\/strong><\/p>\n<p class=\"text-sm py-4 font-sans font-semibold\">SNABBVERSION<\/p>\n<p>SLA har uppn\u00e5tt rekordh\u00f6ga sidvisningar under oktober och november, vilket visar att v\u00e5r lokaljournalistik \u00e4r relevant och uppskattad av prenumeranter. Redaktionens arbete med att utveckla inneh\u00e5ll och presentation har bidragit till denna framg\u00e5ng.<\/p>\n<p>F\u00f6r att m\u00f6ta en alltmer digital vardag har SLA gjort f\u00f6r\u00e4ndringar, inklusive att omstrukturera papperstidningen, lansera prenumerationstj\u00e4nsten +Allt och satsa p\u00e5 sociala medier, bland annat genom en ny Tiktok-studio.<\/p>\n<p>Inf\u00f6r 2026 planerar SLA att forts\u00e4tta utveckla sin journalistik genom att utmana traditionella metoder, anpassa sig till samh\u00e4llsf\u00f6r\u00e4ndringar och samtidigt h\u00e5lla fast vid sina journalistiska ideal och etiska principer.<\/p>\n<p class=\"flex gap-x-2 pt-4 font-sans text-sm text-gray-600 dark:text-gray-300\"> Sammanfattningen \u00e4r skapad av AI och kvalitetss\u00e4krad av SLA.<\/p>\n<p>Visa mer<\/p>\n<p class=\"break-words mb-4 mx-auto max-w-xl\">Hur g\u00e5r det f\u00f6r SLA egentligen? <\/p>\n<p class=\"break-words mb-4 mx-auto max-w-xl\">Jag har sett varianter av den h\u00e4r fr\u00e5gan p\u00e5 lite olika h\u00e5ll sedan jag klev in p\u00e5 redaktionen i b\u00f6rjan av september. <\/p>\n<p class=\"break-words mb-4 mx-auto max-w-xl\">Det korta svaret \u00e4r att det g\u00e5r bra. <\/p>\n<p class=\"break-words mb-4 mx-auto max-w-xl\">I s\u00e5v\u00e4l oktober som november har vi varit uppe p\u00e5 niv\u00e5er vad g\u00e4ller v\u00e5ra sidvisningar som vi tidigare bara n\u00e5tt ett par g\u00e5nger \u2013 och aldrig tv\u00e5 m\u00e5nader i f\u00f6ljd. <\/p>\n<p class=\"break-words mb-4 mx-auto max-w-xl\">Trafiktopparna b\u00f6rjar bli normall\u00e4ge. <\/p>\n<p class=\"break-words mb-4 mx-auto max-w-xl\">Faktum \u00e4r att vi slog rekord i oktober och var n\u00e4ra att g\u00f6ra det igen i november. Detta trots att november \u201dbara\u201d har 30 dagar. <\/p>\n<p>Journalistiken utvecklas snabbt<\/p>\n<p class=\"break-words mb-4 mx-auto max-w-xl\">S\u00e5 vad s\u00e4ger det d\u00e5? <\/p>\n<p class=\"break-words mb-4 mx-auto max-w-xl\">Jo, det s\u00e4ger att vi g\u00f6r relevant lokaljournalistik f\u00f6r v\u00e5ra prenumeranter. <\/p>\n<p class=\"break-words mb-4 mx-auto max-w-xl\">Redaktionen har sedan en ganska l\u00e5ng tid tillbaka (f\u00f6re mitt tilltr\u00e4de) jobbat med att utveckla v\u00e5rt arbete f\u00f6r att bli den b\u00e4sta tidningen vi kan bli.<\/p>\n<p class=\"break-words mb-4 mx-auto max-w-xl\">Detta inkluderar, bland annat, vilka \u00e4mnen vi rapporterar om, hur vi rapporterar om dem och p\u00e5 vilket s\u00e4tt vi presenterar v\u00e5r rapportering. <\/p>\n<p class=\"break-words mb-4 mx-auto max-w-xl\">Den som tittar p\u00e5 v\u00e5r sajt och app ser m\u00e4nniskor p\u00e5 bild i de flesta artiklar. Roligt, tycker vi. Det \u00e4r ju f\u00f6r er som vi finns till. <\/p>\n<p class=\"break-words mb-4 mx-auto max-w-xl\">Det finns ocks\u00e5 en mix av h\u00e5rt och \u201dmjukt\u201d, av olika \u00e4mnen och personliga historier. <\/p>\n<p>Vi kommer forts\u00e4tta f\u00f6r\u00e4ndras<\/p>\n<p class=\"break-words mb-4 mx-auto max-w-xl\">Lokaljournalistiken \u00e4r i stora drag v\u00e4lm\u00e5ende. <\/p>\n<p class=\"break-words mb-4 mx-auto max-w-xl\">Men det f\u00e5r inte hindra oss fr\u00e5n att g\u00f6ra de f\u00f6r\u00e4ndringar vi ser \u00e4r n\u00f6dv\u00e4ndiga f\u00f6r att forts\u00e4tta st\u00e4lla om till en alltmer digital vardag och trygga journalistiken p\u00e5 l\u00e5ng sikt. <\/p>\n<p class=\"break-words mb-4 mx-auto max-w-xl\">Det \u00e4r bland annat d\u00e4rf\u00f6r vi f\u00f6r en tid sedan valde att f\u00f6r\u00e4ndra strukturen i papperstidningen och ta bort de \u201dfasta\u201d sidorna f\u00f6r Tibro, Karlsborg och Hjo. <\/p>\n<p class=\"break-words mb-4 mx-auto max-w-xl\">Nyligen kunde vi ocks\u00e5 presentera paketet +Allt som ger dig tillg\u00e5ng till \u00f6ver 160 nyhetssajter och magasin \u2013 i samma prenumeration. <\/p>\n<p class=\"break-words mb-4 mx-auto max-w-xl\">Vi satsar ocks\u00e5 mycket p\u00e5 v\u00e5r n\u00e4rvaro p\u00e5 sociala medier. Det senaste tillskottet p\u00e5 redaktionen \u00e4r en Tiktok-studio.<\/p>\n<p class=\"break-words mb-4 mx-auto max-w-xl\">S\u00e5 vad kan du v\u00e4nta dig av SLA 2026? <\/p>\n<p class=\"break-words mb-4 mx-auto max-w-xl\">Ja, mer eller mindre vad jag precis skrivit. <\/p>\n<p class=\"break-words mb-4 mx-auto max-w-xl\">Vi ska forts\u00e4tta utmana invanda arbetss\u00e4tt kring hur vi presenterar v\u00e5rt inneh\u00e5ll, vad vi g\u00f6r f\u00f6r typ av journalistik och n\u00e4r och hur vi publicerar den. <\/p>\n<p class=\"break-words mb-4 mx-auto max-w-xl\">Samh\u00e4llet utvecklas \u2013 och vi med det. S\u00e5 har det varit i alla tider. <\/p>\n<p class=\"break-words mb-4 mx-auto max-w-xl\">Samtidigt st\u00e5r vi tryggt i v\u00e5ra ideal och v\u00e5r etik. Det kommer aldrig f\u00f6r\u00e4ndras. Oavsett hur och var vi publicerar oss. <\/p>\n<p class=\"break-words mb-4 mx-auto max-w-xl\">Jag \u00e4r s\u00e4ker p\u00e5 att 2026 kommer bli ett sp\u00e4nnande \u00e5r, inte minst d\u00e5 det \u00e4r ett val\u00e5r, och jag hoppas att du kommer forts\u00e4tta ta del av SLA p\u00e5 det s\u00e4tt som passar just dig. <\/p>\n","protected":false},"excerpt":{"rendered":"SLA st\u00e5r stark. Men vi m\u00e5ste v\u00e5ga utvecklas f\u00f6r att spegla v\u00e5r samtid. H\u00e4r \u00e4r vad du kan&hellip;\n","protected":false},"author":2,"featured_media":117529,"comment_status":"","ping_status":"","sticky":false,"template":"","format":"standard","meta":{"footnotes":""},"categories":[12],"tags":[22,23,26,27,17,21,24,25,28,29,15,16,18,34,31,33,32,30,19,20],"class_list":{"0":"post-117528","1":"post","2":"type-post","3":"status-publish","4":"format-standard","5":"has-post-thumbnail","7":"category-sverige","8":"tag-breaking-news","9":"tag-breakingnews","10":"tag-featured-news","11":"tag-featurednews","12":"tag-headlines","13":"tag-huvudnyheter","14":"tag-latest-news","15":"tag-latestnews","16":"tag-main-news","17":"tag-mainnews","18":"tag-news","19":"tag-nyheter","20":"tag-rubriker","21":"tag-se","22":"tag-svenska","23":"tag-sverige","24":"tag-sweden","25":"tag-swedish","26":"tag-top-stories","27":"tag-topstories"},"share_on_mastodon":{"url":"https:\/\/pubeurope.com\/@se\/115786277499065121","error":""},"_links":{"self":[{"href":"https:\/\/www.europesays.com\/se\/wp-json\/wp\/v2\/posts\/117528","targetHints":{"allow":["GET"]}}],"collection":[{"href":"https:\/\/www.europesays.com\/se\/wp-json\/wp\/v2\/posts"}],"about":[{"href":"https:\/\/www.europesays.com\/se\/wp-json\/wp\/v2\/types\/post"}],"author":[{"embeddable":true,"href":"https:\/\/www.europesays.com\/se\/wp-json\/wp\/v2\/users\/2"}],"replies":[{"embeddable":true,"href":"https:\/\/www.europesays.com\/se\/wp-json\/wp\/v2\/comments?post=117528"}],"version-history":[{"count":0,"href":"https:\/\/www.europesays.com\/se\/wp-json\/wp\/v2\/posts\/117528\/revisions"}],"wp:featuredmedia":[{"embeddable":true,"href":"https:\/\/www.europesays.com\/se\/wp-json\/wp\/v2\/media\/117529"}],"wp:attachment":[{"href":"https:\/\/www.europesays.com\/se\/wp-json\/wp\/v2\/media?parent=117528"}],"wp:term":[{"taxonomy":"category","embeddable":true,"href":"https:\/\/www.europesays.com\/se\/wp-json\/wp\/v2\/categories?post=117528"},{"taxonomy":"post_tag","embeddable":true,"href":"https:\/\/www.europesays.com\/se\/wp-json\/wp\/v2\/tags?post=117528"}],"curies":[{"name":"wp","href":"https:\/\/api.w.org\/{rel}","templated":true}]}}