{"id":117530,"date":"2025-12-26T14:12:22","date_gmt":"2025-12-26T14:12:22","guid":{"rendered":"https:\/\/www.europesays.com\/se\/117530\/"},"modified":"2025-12-26T14:12:22","modified_gmt":"2025-12-26T14:12:22","slug":"msb-byter-namn-och-sigill-ska-forbereda-for-krig","status":"publish","type":"post","link":"https:\/\/www.europesays.com\/se\/117530\/","title":{"rendered":"MSB byter namn och sigill \u2013 ska f\u00f6rbereda f\u00f6r krig"},"content":{"rendered":"<p>Den 1 januari tr\u00e4der Myndigheten f\u00f6r samh\u00e4llsskydd och beredskaps namn\u00e4ndring i kraft. D\u00e5 blir det Myndigheten f\u00f6r civilt f\u00f6rsvar. <\/p>\n<p>Generaldirekt\u00f6r Mikael Frisell s\u00e4ger till TT att de med namnbytet ocks\u00e5 st\u00e4ller om fokus mot att f\u00f6rbereda samh\u00e4llet f\u00f6r krig. Dessutom f\u00e5r myndigheten ett nytt sigill som Frisell beskriver som \u201dmotst\u00e5ndskraftigt\u201d. <\/p>\n<p>\u2013 Robust. Jag uppfattar det som att det tagits emot v\u00e4l. Det ser bra ut och s\u00e4nder signalen vi vill att det ska s\u00e4nda, s\u00e4ger Frisell. <\/p>\n<p>Omni \u00e4r politiskt obundna och oberoende. Vi str\u00e4var efter att ge fler perspektiv p\u00e5 nyheterna. Har du fr\u00e5gor eller synpunkter kring v\u00e5r rapportering? <a href=\"https:\/\/omni.se\/msb-byter-namn-och-sigill-ska-forbereda-for-krig\/a\/mailto:redaktion@omni.se\" class=\"ArticleActions_contactLink__W2F1M\" rel=\"nofollow noopener\" target=\"_blank\">Kontakta redaktionen<\/a><\/p>\n","protected":false},"excerpt":{"rendered":"Den 1 januari tr\u00e4der Myndigheten f\u00f6r samh\u00e4llsskydd och beredskaps namn\u00e4ndring i kraft. D\u00e5 blir det Myndigheten f\u00f6r civilt&hellip;\n","protected":false},"author":2,"featured_media":117531,"comment_status":"","ping_status":"","sticky":false,"template":"","format":"standard","meta":{"footnotes":""},"categories":[5],"tags":[22,23,26,27,17,21,24,25,28,29,11518,3866,5723,15,16,18,11835,34,31,33,32,30,19,20],"class_list":{"0":"post-117530","1":"post","2":"type-post","3":"status-publish","4":"format-standard","5":"has-post-thumbnail","7":"category-rubriker","8":"tag-breaking-news","9":"tag-breakingnews","10":"tag-featured-news","11":"tag-featurednews","12":"tag-headlines","13":"tag-huvudnyheter","14":"tag-latest-news","15":"tag-latestnews","16":"tag-main-news","17":"tag-mainnews","18":"tag-mikael-frisell","19":"tag-msb","20":"tag-myndigheten-for-samhallsskydd-och-beredskap","21":"tag-news","22":"tag-nyheter","23":"tag-rubriker","24":"tag-sakerhet-bevakning","25":"tag-se","26":"tag-svenska","27":"tag-sverige","28":"tag-sweden","29":"tag-swedish","30":"tag-top-stories","31":"tag-topstories"},"share_on_mastodon":{"url":"https:\/\/pubeurope.com\/@se\/115786281296302558","error":""},"_links":{"self":[{"href":"https:\/\/www.europesays.com\/se\/wp-json\/wp\/v2\/posts\/117530","targetHints":{"allow":["GET"]}}],"collection":[{"href":"https:\/\/www.europesays.com\/se\/wp-json\/wp\/v2\/posts"}],"about":[{"href":"https:\/\/www.europesays.com\/se\/wp-json\/wp\/v2\/types\/post"}],"author":[{"embeddable":true,"href":"https:\/\/www.europesays.com\/se\/wp-json\/wp\/v2\/users\/2"}],"replies":[{"embeddable":true,"href":"https:\/\/www.europesays.com\/se\/wp-json\/wp\/v2\/comments?post=117530"}],"version-history":[{"count":0,"href":"https:\/\/www.europesays.com\/se\/wp-json\/wp\/v2\/posts\/117530\/revisions"}],"wp:featuredmedia":[{"embeddable":true,"href":"https:\/\/www.europesays.com\/se\/wp-json\/wp\/v2\/media\/117531"}],"wp:attachment":[{"href":"https:\/\/www.europesays.com\/se\/wp-json\/wp\/v2\/media?parent=117530"}],"wp:term":[{"taxonomy":"category","embeddable":true,"href":"https:\/\/www.europesays.com\/se\/wp-json\/wp\/v2\/categories?post=117530"},{"taxonomy":"post_tag","embeddable":true,"href":"https:\/\/www.europesays.com\/se\/wp-json\/wp\/v2\/tags?post=117530"}],"curies":[{"name":"wp","href":"https:\/\/api.w.org\/{rel}","templated":true}]}}