{"id":117559,"date":"2025-12-26T14:42:08","date_gmt":"2025-12-26T14:42:08","guid":{"rendered":"https:\/\/www.europesays.com\/se\/117559\/"},"modified":"2025-12-26T14:42:08","modified_gmt":"2025-12-26T14:42:08","slug":"kina-infor-sanktioner-mot-usas-forsvarsbolag","status":"publish","type":"post","link":"https:\/\/www.europesays.com\/se\/117559\/","title":{"rendered":"Kina inf\u00f6r sanktioner mot USA:s f\u00f6rsvarsbolag"},"content":{"rendered":"<p>Peking riktar sanktioner mot 20 amerikanska f\u00f6retag inom f\u00f6rsvarsindustrin, rapporterar internationella medier. Beskedet kommer efter att Taiwan k\u00f6per vapen av USA f\u00f6r \u00f6ver 100 miljarder kronor, vilket \u00e4r den st\u00f6rsta vapenaff\u00e4ren mellan l\u00e4nderna n\u00e5gonsin.<\/p>\n<p>\u201dDen som f\u00f6rs\u00f6ker g\u00e5 \u00f6ver gr\u00e4nsen och provocera i Taiwanfr\u00e5gan kommer att m\u00f6tas av Kinas best\u00e4mda svar\u201d, skriver utrikesdepartementet, enligt TT.<\/p>\n<p>Bland f\u00f6retagen finns Boeing, Northrop Grumman Systems och L3Harris. \u00c4ven tio h\u00f6gt uppsatta chefer har f\u00e5tt sanktioner. <\/p>\n<p>Omni \u00e4r politiskt obundna och oberoende. Vi str\u00e4var efter att ge fler perspektiv p\u00e5 nyheterna. Har du fr\u00e5gor eller synpunkter kring v\u00e5r rapportering? <a href=\"https:\/\/omni.se\/kina-infor-sanktioner-mot-usa-s-forsvarsbolag\/a\/mailto:redaktion@omni.se\" class=\"ArticleActions_contactLink__W2F1M\" rel=\"nofollow noopener\" target=\"_blank\">Kontakta redaktionen<\/a><\/p>\n","protected":false},"excerpt":{"rendered":"Peking riktar sanktioner mot 20 amerikanska f\u00f6retag inom f\u00f6rsvarsindustrin, rapporterar internationella medier. Beskedet kommer efter att Taiwan k\u00f6per&hellip;\n","protected":false},"author":2,"featured_media":117560,"comment_status":"","ping_status":"","sticky":false,"template":"","format":"standard","meta":{"footnotes":""},"categories":[14],"tags":[6226,22,23,26,27,17,21,549,24,25,28,29,15,16,18,34,31,33,32,30,846,19,20,74,51,52,53,54],"class_list":{"0":"post-117559","1":"post","2":"type-post","3":"status-publish","4":"format-standard","5":"has-post-thumbnail","7":"category-varlden","8":"tag-boeing","9":"tag-breaking-news","10":"tag-breakingnews","11":"tag-featured-news","12":"tag-featurednews","13":"tag-headlines","14":"tag-huvudnyheter","15":"tag-kina","16":"tag-latest-news","17":"tag-latestnews","18":"tag-main-news","19":"tag-mainnews","20":"tag-news","21":"tag-nyheter","22":"tag-rubriker","23":"tag-se","24":"tag-svenska","25":"tag-sverige","26":"tag-sweden","27":"tag-swedish","28":"tag-taiwan","29":"tag-top-stories","30":"tag-topstories","31":"tag-usa","32":"tag-varlden","33":"tag-world","34":"tag-world-news","35":"tag-worldnews"},"share_on_mastodon":{"url":"https:\/\/pubeurope.com\/@se\/115786399240376269","error":""},"_links":{"self":[{"href":"https:\/\/www.europesays.com\/se\/wp-json\/wp\/v2\/posts\/117559","targetHints":{"allow":["GET"]}}],"collection":[{"href":"https:\/\/www.europesays.com\/se\/wp-json\/wp\/v2\/posts"}],"about":[{"href":"https:\/\/www.europesays.com\/se\/wp-json\/wp\/v2\/types\/post"}],"author":[{"embeddable":true,"href":"https:\/\/www.europesays.com\/se\/wp-json\/wp\/v2\/users\/2"}],"replies":[{"embeddable":true,"href":"https:\/\/www.europesays.com\/se\/wp-json\/wp\/v2\/comments?post=117559"}],"version-history":[{"count":0,"href":"https:\/\/www.europesays.com\/se\/wp-json\/wp\/v2\/posts\/117559\/revisions"}],"wp:featuredmedia":[{"embeddable":true,"href":"https:\/\/www.europesays.com\/se\/wp-json\/wp\/v2\/media\/117560"}],"wp:attachment":[{"href":"https:\/\/www.europesays.com\/se\/wp-json\/wp\/v2\/media?parent=117559"}],"wp:term":[{"taxonomy":"category","embeddable":true,"href":"https:\/\/www.europesays.com\/se\/wp-json\/wp\/v2\/categories?post=117559"},{"taxonomy":"post_tag","embeddable":true,"href":"https:\/\/www.europesays.com\/se\/wp-json\/wp\/v2\/tags?post=117559"}],"curies":[{"name":"wp","href":"https:\/\/api.w.org\/{rel}","templated":true}]}}