{"id":117577,"date":"2025-12-26T15:01:48","date_gmt":"2025-12-26T15:01:48","guid":{"rendered":"https:\/\/www.europesays.com\/se\/117577\/"},"modified":"2025-12-26T15:01:48","modified_gmt":"2025-12-26T15:01:48","slug":"kina-infor-sanktioner-mot-usa","status":"publish","type":"post","link":"https:\/\/www.europesays.com\/se\/117577\/","title":{"rendered":"Kina inf\u00f6r sanktioner mot USA"},"content":{"rendered":"<p>Publicerad 26 dec 2025 kl 11.43Uppdaterad kl 12.37<\/p>\n<p>Peking inf\u00f6r sanktioner mot 20 amerikanska f\u00f6retag inom f\u00f6rsvarsindustrin, d\u00e4ribland Boeing, Northrop Grumman Systems och L3Harris.\u00a0<\/p>\n<p>Sanktioner inf\u00f6rs ocks\u00e5 mot tio h\u00f6gt uppsatta chefer, meddelar kinesiska myndigheter.\u00a0<\/p>\n<p>Seniorekonomen: \u201dAldrig varit med om ett s\u00e5 dramatiskt \u00e5r\u201d<img   alt=\"\"\/><\/p>\n<p>USA:s president Donald Trump och Kinas h\u00f6gsta ledare Xi Jinping under ett m\u00f6te i h\u00f6stas.<\/p>\n<p>Foto: DANIEL TOROK\/WHITE HOUSE \/ STELLA PICTURES<\/p>\n<p>\u00d6ppna bild i helsk\u00e4rm<\/p>\n<p>Tillk\u00e4nnagivandet kommer n\u00e5gra dagar efter att USA godk\u00e4nde en omfattande f\u00f6rs\u00e4ljning av vapen till Taiwan. Aff\u00e4ren \u00e4r v\u00e4rd motsvarande cirka 100 miljarder kronor.<\/p>\n<p>Aff\u00e4ren omfattar bland annat raketartillerisystemet Himars, dr\u00f6nare och milit\u00e4r programvara.<\/p>\n<p><a href=\"https:\/\/www.expressen.se\/tagg\/location\/kina\/\" class=\"\" rel=\"nofollow noopener\" target=\"_blank\">Kina<\/a> reagerade starkt p\u00e5 beskedet och uppmanade USA att genast stoppa de \u201dfarliga \u00e5tg\u00e4rderna\u201d att bev\u00e4pna Taiwan.\u00a0<\/p>\n<p>\u201dDen som f\u00f6rs\u00f6ker g\u00e5 \u00f6ver gr\u00e4nsen och provocera i Taiwanfr\u00e5gan kommer att m\u00f6tas av Kinas best\u00e4mda svar\u201d, skriver utrikesdepartementet.\u00a0<\/p>\n<p>Enligt <a href=\"https:\/\/www.bloomberg.com\/news\/articles\/2025-12-26\/china-slaps-symbolic-sanctions-on-us-firms-over-taiwan-arms-sale?srnd=homepage-europe\" rel=\"nofollow noopener\" target=\"_blank\">Bloomberg<\/a> kommer sanktionerna inte att ha n\u00e5gon st\u00f6rre reell p\u00e5verkan d\u00e5 f\u00f6retagen har liten eller ingen n\u00e4rvaro i Kina.\u00a0<\/p>\n","protected":false},"excerpt":{"rendered":"Publicerad 26 dec 2025 kl 11.43Uppdaterad kl 12.37 Peking inf\u00f6r sanktioner mot 20 amerikanska f\u00f6retag inom f\u00f6rsvarsindustrin, d\u00e4ribland&hellip;\n","protected":false},"author":2,"featured_media":117578,"comment_status":"","ping_status":"","sticky":false,"template":"","format":"standard","meta":{"footnotes":""},"categories":[5],"tags":[50,22,23,26,27,17,21,24,25,972,4249,45,28,29,15,16,18,34,31,33,32,30,19,49,20],"class_list":{"0":"post-117577","1":"post","2":"type-post","3":"status-publish","4":"format-standard","5":"has-post-thumbnail","7":"category-rubriker","8":"tag-arme-forsvar","9":"tag-breaking-news","10":"tag-breakingnews","11":"tag-featured-news","12":"tag-featurednews","13":"tag-headlines","14":"tag-huvudnyheter","15":"tag-latest-news","16":"tag-latestnews","17":"tag-location-kina","18":"tag-location-taiwan","19":"tag-location-usa","20":"tag-main-news","21":"tag-mainnews","22":"tag-news","23":"tag-nyheter","24":"tag-rubriker","25":"tag-se","26":"tag-svenska","27":"tag-sverige","28":"tag-sweden","29":"tag-swedish","30":"tag-top-stories","31":"tag-topic-militar","32":"tag-topstories"},"share_on_mastodon":{"url":"https:\/\/pubeurope.com\/@se\/115786477897936104","error":""},"_links":{"self":[{"href":"https:\/\/www.europesays.com\/se\/wp-json\/wp\/v2\/posts\/117577","targetHints":{"allow":["GET"]}}],"collection":[{"href":"https:\/\/www.europesays.com\/se\/wp-json\/wp\/v2\/posts"}],"about":[{"href":"https:\/\/www.europesays.com\/se\/wp-json\/wp\/v2\/types\/post"}],"author":[{"embeddable":true,"href":"https:\/\/www.europesays.com\/se\/wp-json\/wp\/v2\/users\/2"}],"replies":[{"embeddable":true,"href":"https:\/\/www.europesays.com\/se\/wp-json\/wp\/v2\/comments?post=117577"}],"version-history":[{"count":0,"href":"https:\/\/www.europesays.com\/se\/wp-json\/wp\/v2\/posts\/117577\/revisions"}],"wp:featuredmedia":[{"embeddable":true,"href":"https:\/\/www.europesays.com\/se\/wp-json\/wp\/v2\/media\/117578"}],"wp:attachment":[{"href":"https:\/\/www.europesays.com\/se\/wp-json\/wp\/v2\/media?parent=117577"}],"wp:term":[{"taxonomy":"category","embeddable":true,"href":"https:\/\/www.europesays.com\/se\/wp-json\/wp\/v2\/categories?post=117577"},{"taxonomy":"post_tag","embeddable":true,"href":"https:\/\/www.europesays.com\/se\/wp-json\/wp\/v2\/tags?post=117577"}],"curies":[{"name":"wp","href":"https:\/\/api.w.org\/{rel}","templated":true}]}}