{"id":117587,"date":"2025-12-26T15:11:22","date_gmt":"2025-12-26T15:11:22","guid":{"rendered":"https:\/\/www.europesays.com\/se\/117587\/"},"modified":"2025-12-26T15:11:22","modified_gmt":"2025-12-26T15:11:22","slug":"antidepp-for-unga-fem-ganger-vanligare-i-sverige","status":"publish","type":"post","link":"https:\/\/www.europesays.com\/se\/117587\/","title":{"rendered":"Antidepp f\u00f6r unga fem g\u00e5nger vanligare i Sverige"},"content":{"rendered":"<p>Antidepressiva l\u00e4kemedel \u00e4r fem g\u00e5nger vanligare hos unga i Sverige \u00e4n i Danmark och Norge. Detta enligt en rapport fr\u00e5n L\u00e4kemedelsverket, skriver TT.<\/p>\n<p>Mellan 1994 och 2021 har utskrifterna \u00f6kat successivt f\u00f6r unga, trots att riktlinjerna \u00e4r de samma i grannl\u00e4nderna. 2021 visar siffrorna att f\u00f6rskrivningen till unga mellan 10 och 19 \u00e5r var tv\u00e5 till fem g\u00e5nger h\u00f6gre \u00e4n i Danmark och Norge.<\/p>\n<p>Varf\u00f6r det skiljer sig mellan l\u00e4nderna framg\u00e5r inte i myndighetens rapport.<\/p>\n<p>\u2013 Det kan handla om olika ben\u00e4genheter att behandla tillst\u00e5nden med just l\u00e4kemedel p\u00e5 grund av b\u00e5de strukturella och sociokulturella skillnader, s\u00e4ger Marcel Ballin, utredare p\u00e5 L\u00e4kemedelsverket.<\/p>\n<p>Omni \u00e4r politiskt obundna och oberoende. Vi str\u00e4var efter att ge fler perspektiv p\u00e5 nyheterna. Har du fr\u00e5gor eller synpunkter kring v\u00e5r rapportering? <a href=\"https:\/\/omni.se\/antidepp-for-unga-fem-ganger-vanligare-i-sverige\/a\/mailto:redaktion@omni.se\" class=\"ArticleActions_contactLink__W2F1M\" rel=\"nofollow noopener\" target=\"_blank\">Kontakta redaktionen<\/a><\/p>\n","protected":false},"excerpt":{"rendered":"Antidepressiva l\u00e4kemedel \u00e4r fem g\u00e5nger vanligare hos unga i Sverige \u00e4n i Danmark och Norge. Detta enligt en&hellip;\n","protected":false},"author":2,"featured_media":117588,"comment_status":"","ping_status":"","sticky":false,"template":"","format":"standard","meta":{"footnotes":""},"categories":[5],"tags":[22,23,1205,26,27,17,21,5686,24,25,28,29,15,430,16,3744,6453,18,34,31,33,32,30,19,20],"class_list":{"0":"post-117587","1":"post","2":"type-post","3":"status-publish","4":"format-standard","5":"has-post-thumbnail","7":"category-rubriker","8":"tag-breaking-news","9":"tag-breakingnews","10":"tag-danmark","11":"tag-featured-news","12":"tag-featurednews","13":"tag-headlines","14":"tag-huvudnyheter","15":"tag-lakemedelsverket","16":"tag-latest-news","17":"tag-latestnews","18":"tag-main-news","19":"tag-mainnews","20":"tag-news","21":"tag-norge","22":"tag-nyheter","23":"tag-psykisk-halsa","24":"tag-psykisk-ohalsa","25":"tag-rubriker","26":"tag-se","27":"tag-svenska","28":"tag-sverige","29":"tag-sweden","30":"tag-swedish","31":"tag-top-stories","32":"tag-topstories"},"share_on_mastodon":{"url":"https:\/\/pubeurope.com\/@se\/115786513296488392","error":""},"_links":{"self":[{"href":"https:\/\/www.europesays.com\/se\/wp-json\/wp\/v2\/posts\/117587","targetHints":{"allow":["GET"]}}],"collection":[{"href":"https:\/\/www.europesays.com\/se\/wp-json\/wp\/v2\/posts"}],"about":[{"href":"https:\/\/www.europesays.com\/se\/wp-json\/wp\/v2\/types\/post"}],"author":[{"embeddable":true,"href":"https:\/\/www.europesays.com\/se\/wp-json\/wp\/v2\/users\/2"}],"replies":[{"embeddable":true,"href":"https:\/\/www.europesays.com\/se\/wp-json\/wp\/v2\/comments?post=117587"}],"version-history":[{"count":0,"href":"https:\/\/www.europesays.com\/se\/wp-json\/wp\/v2\/posts\/117587\/revisions"}],"wp:featuredmedia":[{"embeddable":true,"href":"https:\/\/www.europesays.com\/se\/wp-json\/wp\/v2\/media\/117588"}],"wp:attachment":[{"href":"https:\/\/www.europesays.com\/se\/wp-json\/wp\/v2\/media?parent=117587"}],"wp:term":[{"taxonomy":"category","embeddable":true,"href":"https:\/\/www.europesays.com\/se\/wp-json\/wp\/v2\/categories?post=117587"},{"taxonomy":"post_tag","embeddable":true,"href":"https:\/\/www.europesays.com\/se\/wp-json\/wp\/v2\/tags?post=117587"}],"curies":[{"name":"wp","href":"https:\/\/api.w.org\/{rel}","templated":true}]}}